{"id":2987954,"date":"2025-09-22T12:11:32","date_gmt":"2025-09-22T19:11:32","guid":{"rendered":"https:\/\/agpnoticias.com\/news\/?p=2987954"},"modified":"2025-09-22T12:11:37","modified_gmt":"2025-09-22T19:11:37","slug":"abren-registro-para-la-beca-universal-rita-cetina-gutierrez-cierre-el-30-de-septiembre","status":"publish","type":"post","link":"https:\/\/agpnoticias.com\/news\/?p=2987954","title":{"rendered":"Abren registro para la Beca Universal Rita Cetina Guti\u00e9rrez; cierre el 30 de septiembre"},"content":{"rendered":"\n<p>La gobernadora Marina del Pilar \u00c1vila Olmeda llam\u00f3 a las familias bajacalifornianas a inscribir a sus hijas e hijos en la <strong>Beca Universal Rita Cetina Guti\u00e9rrez<\/strong>, un apoyo federal dirigido a estudiantes de nuevo ingreso a secundaria. El plazo de registro en l\u00ednea concluye el pr\u00f3ximo <strong>30 de septiembre<\/strong>.<\/p>\n\n\n\n<p>El programa, impulsado por la presidenta <strong>Claudia Sheinbaum Pardo<\/strong>, busca garantizar que ning\u00fan joven quede fuera de la secundaria por falta de recursos, adem\u00e1s de fortalecer la permanencia escolar en el pa\u00eds.<\/p>\n\n\n\n<p>La beca otorga <strong>mil 900 pesos cada dos meses por familia<\/strong> con al menos un estudiante inscrito en secundaria p\u00fablica, y <strong>700 pesos adicionales por cada estudiante extra<\/strong> en ese nivel educativo.<\/p>\n\n\n\n<p>Para realizar el tr\u00e1mite es indispensable contar con la <strong>Llave MX<\/strong>, la identificaci\u00f3n digital gratuita del Gobierno de M\u00e9xico que puede generarse en <a href=\"http:\/\/www.llave.gob.mx\">www.llave.gob.mx<\/a> con CURP, n\u00famero de celular y correo electr\u00f3nico, o bien, en m\u00f3dulos habilitados.<\/p>\n\n\n\n<p>Con la Llave MX activa, la madre, padre o tutor deber\u00e1 capturar datos personales, CURP, identificaci\u00f3n oficial, comprobante de domicilio reciente y n\u00famero de celular. Por parte del estudiante se requiere la CURP y la constancia de inscripci\u00f3n en secundaria p\u00fablica.<\/p>\n\n\n\n<p>Toda la informaci\u00f3n ser\u00e1 sometida a validaci\u00f3n para continuar con el proceso, el cual se puede consultar y completar en <a href=\"http:\/\/www.becaritacetina.gob.mx\">www.becaritacetina.gob.mx<\/a>.<\/p>\n","protected":false},"excerpt":{"rendered":"<p>La gobernadora Marina del Pilar \u00c1vila Olmeda llam\u00f3 a las familias bajacalifornianas a inscribir a&#8230;<\/p>\n","protected":false},"author":1,"featured_media":2987955,"comment_status":"closed","ping_status":"closed","sticky":false,"template":"","format":"standard","meta":{"footnotes":""},"categories":[1],"tags":[],"class_list":["post-2987954","post","type-post","status-publish","format-standard","has-post-thumbnail","hentry","category-uncategorized"],"_links":{"self":[{"href":"https:\/\/agpnoticias.com\/news\/index.php?rest_route=\/wp\/v2\/posts\/2987954","targetHints":{"allow":["GET"]}}],"collection":[{"href":"https:\/\/agpnoticias.com\/news\/index.php?rest_route=\/wp\/v2\/posts"}],"about":[{"href":"https:\/\/agpnoticias.com\/news\/index.php?rest_route=\/wp\/v2\/types\/post"}],"author":[{"embeddable":true,"href":"https:\/\/agpnoticias.com\/news\/index.php?rest_route=\/wp\/v2\/users\/1"}],"replies":[{"embeddable":true,"href":"https:\/\/agpnoticias.com\/news\/index.php?rest_route=%2Fwp%2Fv2%2Fcomments&post=2987954"}],"version-history":[{"count":1,"href":"https:\/\/agpnoticias.com\/news\/index.php?rest_route=\/wp\/v2\/posts\/2987954\/revisions"}],"predecessor-version":[{"id":2987956,"href":"https:\/\/agpnoticias.com\/news\/index.php?rest_route=\/wp\/v2\/posts\/2987954\/revisions\/2987956"}],"wp:featuredmedia":[{"embeddable":true,"href":"https:\/\/agpnoticias.com\/news\/index.php?rest_route=\/wp\/v2\/media\/2987955"}],"wp:attachment":[{"href":"https:\/\/agpnoticias.com\/news\/index.php?rest_route=%2Fwp%2Fv2%2Fmedia&parent=2987954"}],"wp:term":[{"taxonomy":"category","embeddable":true,"href":"https:\/\/agpnoticias.com\/news\/index.php?rest_route=%2Fwp%2Fv2%2Fcategories&post=2987954"},{"taxonomy":"post_tag","embeddable":true,"href":"https:\/\/agpnoticias.com\/news\/index.php?rest_route=%2Fwp%2Fv2%2Ftags&post=2987954"}],"curies":[{"name":"wp","href":"https:\/\/api.w.org\/{rel}","templated":true}]}}