{"id":2987976,"date":"2025-09-23T19:17:03","date_gmt":"2025-09-24T02:17:03","guid":{"rendered":"https:\/\/agpnoticias.com\/news\/?p=2987976"},"modified":"2025-09-23T19:17:07","modified_gmt":"2025-09-24T02:17:07","slug":"dos-de-mbappe-y-el-estreno-goleador-de-mastantuono-en-la-nueva-victoria-del-invicto-real-madrid","status":"publish","type":"post","link":"https:\/\/agpnoticias.com\/news\/?p=2987976","title":{"rendered":"Dos de Mbapp\u00e9 y el estreno goleador de Mastantuono en la nueva victoria del invicto Real Madrid"},"content":{"rendered":"\n<p>Valencia, Espa\u00f1a.- Kylian Mbapp\u00e9 anot\u00f3 dos veces en tres minutos y el adolescente Franco Mastantuono hizo su debut como goleador con el Real Madrid en una victoria por 4-1 como visitante ante el Levante en la liga espa\u00f1ola el martes, un resultado que extendi\u00f3 el inicio ganador del club en la temporada.<\/p>\n\n\n\n<p>Vin\u00edcius J\u00fanior tambi\u00e9n marc\u00f3 para el Madrid, que consigui\u00f3 su sexta victoria liguera consecutiva esta temporada.<\/p>\n\n\n\n<p>\u201cJugamos un partido muy completo\u201d, dijo el entrenador del Madrid, Xabi Alonso. \u201cNecesitamos mantener este impulso. Esto es solo el principio y queremos seguir compitiendo bien\u201d.<\/p>\n\n\n\n<p>Mbapp\u00e9 marc\u00f3 el tercer gol del Madrid al transformar un penalti en el minuto 64 \u2014a lo Panenka\u2014 tras recibir una falta dentro del \u00e1rea.<\/p>\n\n\n\n<p>El internacional franc\u00e9s a\u00f1adi\u00f3 el cuarto en el 66 tras superar al portero y encontrar la porter\u00eda vac\u00eda. Estos goles fueron el octavo y el noveno de Mbapp\u00e9 en siete partidos con el Madrid esta temporada. Tambi\u00e9n marc\u00f3 dos goles en dos partidos con la selecci\u00f3n francesa.<\/p>\n\n\n\n<p>Mastantuono, de 18 a\u00f1os y fichado de River Plate este verano, marc\u00f3 en el minuto 38 con un disparo desde dentro del \u00e1rea que se col\u00f3 por la escuadra. El delantero argentino disput\u00f3 su quinto partido como titular con el Madrid.<\/p>\n\n\n\n<p>\u201cEstaba esperando este gol\u201d, dijo. \u201cMe ayuda a ganar a\u00fan m\u00e1s confianza en el equipo\u201d.<\/p>\n\n\n\n<figure class=\"wp-block-embed is-type-video is-provider-youtube wp-block-embed-youtube wp-embed-aspect-16-9 wp-has-aspect-ratio\"><div class=\"wp-block-embed__wrapper\">\n<iframe title=\"LEVANTE UD 1 - 4 REAL MADRID | RESUMEN LALIGA EA SPORTS\" width=\"640\" height=\"360\" src=\"https:\/\/www.youtube.com\/embed\/bOaLBbIj9Xo?feature=oembed\" frameborder=\"0\" allow=\"accelerometer; autoplay; clipboard-write; encrypted-media; gyroscope; picture-in-picture; web-share\" referrerpolicy=\"strict-origin-when-cross-origin\" allowfullscreen><\/iframe>\n<\/div><\/figure>\n\n\n\n<p>Vin\u00edcius J\u00fanior, quien se hab\u00eda quejado de haber sido sustituido por Alonso en el partido anterior, adelant\u00f3 al Madrid con un disparo preciso al segundo palo en el minuto 28. El delantero brasile\u00f1o no hab\u00eda marcado en sus \u00faltimos tres partidos.<\/p>\n\n\n\n<p>\u201cTuvo una actuaci\u00f3n decisiva\u201d, dijo Alonso sobre Vin\u00edcius J\u00fanior.<\/p>\n\n\n\n<p>El Levante se acerc\u00f3 con un cabezazo a bocajarro de Etta Eyong en el 54 en lo que fue la primera ocasi\u00f3n del equipo a porter\u00eda.<\/p>\n\n\n\n<p>El Madrid es el \u00fanico equipo que ha ganado sus seis partidos de liga esta temporada. Tambi\u00e9n gan\u00f3 su primer partido de la Champions League contra el Marsella.<\/p>\n\n\n\n<p>La \u00faltima victoria aument\u00f3 la ventaja del Madrid a cinco puntos sobre el vigente campe\u00f3n, el Barcelona, ??que visita al reci\u00e9n ascendido Oviedo el jueves. El Madrid visita al Atl\u00e9tico de Madrid en el derbi de la ciudad.<\/p>\n\n\n\n<p>El Levante, tambi\u00e9n ascendido a Primera Divisi\u00f3n esta temporada, no hab\u00eda ganado en sus primeros cuatro partidos, pero ven\u00eda de ganar por 4-0 al Girona en la ronda anterior.<\/p>\n\n\n\n<p>Madrid y Levante vistieron camisetas con sus nombres estampados en el alfabeto dactilol\u00f3gico para celebrar el D\u00eda Internacional de las Lenguas de Signos.<\/p>\n\n\n\n<p><em>Informaci\u00f3n: AP.<\/em><\/p>\n","protected":false},"excerpt":{"rendered":"<p>Valencia, Espa\u00f1a.- Kylian Mbapp\u00e9 anot\u00f3 dos veces en tres minutos y el adolescente Franco Mastantuono&#8230;<\/p>\n","protected":false},"author":1,"featured_media":2987977,"comment_status":"closed","ping_status":"closed","sticky":false,"template":"","format":"video","meta":{"footnotes":""},"categories":[32,1144,1151],"tags":[],"class_list":["post-2987976","post","type-post","status-publish","format-video","has-post-thumbnail","hentry","category-soccer","category-futbol-internacional","category-portada","post_format-post-format-video"],"_links":{"self":[{"href":"https:\/\/agpnoticias.com\/news\/index.php?rest_route=\/wp\/v2\/posts\/2987976","targetHints":{"allow":["GET"]}}],"collection":[{"href":"https:\/\/agpnoticias.com\/news\/index.php?rest_route=\/wp\/v2\/posts"}],"about":[{"href":"https:\/\/agpnoticias.com\/news\/index.php?rest_route=\/wp\/v2\/types\/post"}],"author":[{"embeddable":true,"href":"https:\/\/agpnoticias.com\/news\/index.php?rest_route=\/wp\/v2\/users\/1"}],"replies":[{"embeddable":true,"href":"https:\/\/agpnoticias.com\/news\/index.php?rest_route=%2Fwp%2Fv2%2Fcomments&post=2987976"}],"version-history":[{"count":1,"href":"https:\/\/agpnoticias.com\/news\/index.php?rest_route=\/wp\/v2\/posts\/2987976\/revisions"}],"predecessor-version":[{"id":2987978,"href":"https:\/\/agpnoticias.com\/news\/index.php?rest_route=\/wp\/v2\/posts\/2987976\/revisions\/2987978"}],"wp:featuredmedia":[{"embeddable":true,"href":"https:\/\/agpnoticias.com\/news\/index.php?rest_route=\/wp\/v2\/media\/2987977"}],"wp:attachment":[{"href":"https:\/\/agpnoticias.com\/news\/index.php?rest_route=%2Fwp%2Fv2%2Fmedia&parent=2987976"}],"wp:term":[{"taxonomy":"category","embeddable":true,"href":"https:\/\/agpnoticias.com\/news\/index.php?rest_route=%2Fwp%2Fv2%2Fcategories&post=2987976"},{"taxonomy":"post_tag","embeddable":true,"href":"https:\/\/agpnoticias.com\/news\/index.php?rest_route=%2Fwp%2Fv2%2Ftags&post=2987976"}],"curies":[{"name":"wp","href":"https:\/\/api.w.org\/{rel}","templated":true}]}}