{"id":2988222,"date":"2025-09-28T11:24:01","date_gmt":"2025-09-28T18:24:01","guid":{"rendered":"https:\/\/agpnoticias.com\/news\/?p=2988222"},"modified":"2025-09-28T11:24:03","modified_gmt":"2025-09-28T18:24:03","slug":"800-participantes-se-suman-a-la-carrera-con-causa-5k-del-sindicato-de-burocratas-en-ensenada","status":"publish","type":"post","link":"https:\/\/agpnoticias.com\/news\/?p=2988222","title":{"rendered":"800 participantes se suman a la Carrera con Causa 5K del Sindicato de Bur\u00f3cratas en Ensenada"},"content":{"rendered":"\n<p>Ensenada, Baja California.- Con la participaci\u00f3n de 800 corredores, se llev\u00f3 a cabo este domingo 28 de septiembre la \u201cCarrera con Causa 5K\u201d, organizada por el Sindicato de Bur\u00f3cratas Secci\u00f3n Ensenada, en el marco de su 88 aniversario.<\/p>\n\n\n\n<p>El evento logr\u00f3 reunir una importante cantidad de art\u00edculos de limpieza e higiene personal, los cuales ser\u00e1n entregados a la Casa Hogar Gabriel para Ni\u00f1os con Discapacidad A.C., cumpliendo con el objetivo de combinar actividad f\u00edsica, convivencia familiar y apoyo social.<\/p>\n\n\n\n<figure class=\"wp-block-image size-full\"><img fetchpriority=\"high\" decoding=\"async\" width=\"707\" height=\"417\" src=\"https:\/\/agpnoticias.com\/news\/wp-content\/uploads\/2025\/09\/ECABACC9-235F-4153-A8CF-4C2017CC13C4.jpeg\" alt=\"\" class=\"wp-image-2988225\"\/><\/figure>\n\n\n\n<p>El secretario general del sindicato, Juan Jos\u00e9 Villalobos Mill\u00e1n, destac\u00f3 la entrega de los participantes:<\/p>\n\n\n\n<p>\u201cAgradezco a las mujeres, hombres, j\u00f3venes y ni\u00f1os que dieron lo mejor de s\u00ed para completar los 5 kil\u00f3metros de recorrido; pero reconozco a\u00fan m\u00e1s su compromiso por aportar un granito de ayuda a la infancia de Ensenada\u201d.<\/p>\n\n\n\n<p>Previo al arranque de la carrera a las 8:00 horas desde el edificio sindical, los asistentes recibieron atenci\u00f3n preventiva de ISSSTECALI, que incluy\u00f3 control de peso y talla, orientaci\u00f3n nutricional, toma de presi\u00f3n arterial y glucosa, adem\u00e1s de masajes y puntos de hidrataci\u00f3n durante el recorrido.<\/p>\n\n\n\n<figure class=\"wp-block-image size-large\"><img decoding=\"async\" width=\"810\" height=\"650\" src=\"https:\/\/agpnoticias.com\/news\/wp-content\/uploads\/2025\/09\/F636BE6F-7D9F-4D8C-BABB-16E508A11C0B-810x650.jpeg\" alt=\"\" class=\"wp-image-2988224\"\/><\/figure>\n\n\n\n<p>Esta edici\u00f3n rindi\u00f3 homenaje a Antonio \u201cBazooka\u201d Cervantes, reconocido en el \u00e1mbito deportivo, y cont\u00f3 con el respaldo de INMUDERE y diversos patrocinadores. Entre los presentes estuvieron los secretarios de Trabajo y Conflictos Alfredo Peralta Higuera, de Organizaci\u00f3n Erika N\u00fa\u00f1ez Caz\u00e1rez y de la Comisi\u00f3n de Deportes Juan Jos\u00e9 Vera Rodr\u00edguez, junto con el Comit\u00e9 Seccional y el staff organizador.<\/p>\n\n\n\n<p><strong>Resultados por categor\u00edas:<\/strong><\/p>\n\n\n\n<p>Rama femenil<\/p>\n\n\n\n<p>1er: Lupita Monroy | 2do: Cynthia Medina | 3er: Shalom Pandu<\/p>\n\n\n\n<p>Rama varonil<\/p>\n\n\n\n<p>1er: Alejandro Garc\u00eda | 2do: Samuel Verduzco | 3er: Marco Miranda<\/p>\n\n\n\n<p>Categor\u00eda varonil 15-17 a\u00f1os<\/p>\n\n\n\n<p>1er: Jes\u00fas Daniel Monarrez | 2do: Luis Mercado | 3er: Said Balvas<\/p>\n\n\n\n<p>Categor\u00eda 18-29 varonil<\/p>\n\n\n\n<p>1er: Said Duarte | 2do: Zeus Mercado | 3er: Fernando Lozano<\/p>\n\n\n\n<p>Categor\u00eda 30-39 varonil<\/p>\n\n\n\n<p>1er: Jorge David Ure\u00f1a | 2do: Said Mendoza | 3er: Daniel Delgado<\/p>\n\n\n\n<p>Categor\u00eda 40-49 varonil<\/p>\n\n\n\n<p>1er: Israel Flores | 2do: Flavio Bartolo | 3er: Enrique Peralta<\/p>\n\n\n\n<p>Categor\u00eda 50-59 varonil<\/p>\n\n\n\n<p>1er: Julian Romero | 2do: Filiberto Delgado | 3er: Felipe de Jes\u00fas Trujillo<\/p>\n\n\n\n<p>Categor\u00eda discapacidad varonil<\/p>\n\n\n\n<p>1er: Luis Durante | 2do: Fredy Guerrero | 3er: Eugenio Pe\u00f1a<\/p>\n\n\n\n<p>Categor\u00eda 65 y m\u00e1s varonil<\/p>\n\n\n\n<p>1er: Laura Rodr\u00edguez | 2do: Jos\u00e9 Avalos | 3er: Alberto Cortez Tostado<\/p>\n\n\n\n<p>Categor\u00eda femenil discapacidad<\/p>\n\n\n\n<p>1er: Aracely Castillo | 2do: Laura Garc\u00eda | 3er: Martha Guillen<\/p>\n\n\n\n<p>Categor\u00eda 15-17 femenil<\/p>\n\n\n\n<p>1er: Al\u00edx Garc\u00eda Medina<\/p>\n\n\n\n<p>Categor\u00eda 18-29 femenil<\/p>\n\n\n\n<p>1er: Am\u00e9rica Valerio | 2do: Fernanda Contreras | 3er: Alexa Peralta<\/p>\n\n\n\n<p>Categor\u00eda 30-39 femenil<\/p>\n\n\n\n<p>1er: Mar\u00eda Rodr\u00edguez | 2do: Laura Ulloa | 3er: Daniela Solorzano<\/p>\n\n\n\n<p>Categor\u00eda 40-49 femenil<\/p>\n\n\n\n<p>1er: Karina Jim\u00e9nez | 2do: Yessica Medina | 3er: Yuridia D\u00edaz<\/p>\n\n\n\n<p>Categor\u00eda 50-59 femenil<\/p>\n\n\n\n<p>1er: Ofelia Acosta | 2do: Graciela Salgado | 3er: Karla Valenzuela<\/p>\n\n\n\n<p>Categor\u00eda 60 y m\u00e1s femenil<\/p>\n\n\n\n<p>1er: Gloria Burgoin | 2do: Alicia Ch\u00e1vez<\/p>\n","protected":false},"excerpt":{"rendered":"<p>Ensenada, Baja California.- Con la participaci\u00f3n de 800 corredores, se llev\u00f3 a cabo este domingo&#8230;<\/p>\n","protected":false},"author":1,"featured_media":2988223,"comment_status":"closed","ping_status":"closed","sticky":false,"template":"","format":"standard","meta":{"footnotes":""},"categories":[31,1151],"tags":[],"class_list":["post-2988222","post","type-post","status-publish","format-standard","has-post-thumbnail","hentry","category-atletismo","category-portada"],"_links":{"self":[{"href":"https:\/\/agpnoticias.com\/news\/index.php?rest_route=\/wp\/v2\/posts\/2988222","targetHints":{"allow":["GET"]}}],"collection":[{"href":"https:\/\/agpnoticias.com\/news\/index.php?rest_route=\/wp\/v2\/posts"}],"about":[{"href":"https:\/\/agpnoticias.com\/news\/index.php?rest_route=\/wp\/v2\/types\/post"}],"author":[{"embeddable":true,"href":"https:\/\/agpnoticias.com\/news\/index.php?rest_route=\/wp\/v2\/users\/1"}],"replies":[{"embeddable":true,"href":"https:\/\/agpnoticias.com\/news\/index.php?rest_route=%2Fwp%2Fv2%2Fcomments&post=2988222"}],"version-history":[{"count":1,"href":"https:\/\/agpnoticias.com\/news\/index.php?rest_route=\/wp\/v2\/posts\/2988222\/revisions"}],"predecessor-version":[{"id":2988226,"href":"https:\/\/agpnoticias.com\/news\/index.php?rest_route=\/wp\/v2\/posts\/2988222\/revisions\/2988226"}],"wp:featuredmedia":[{"embeddable":true,"href":"https:\/\/agpnoticias.com\/news\/index.php?rest_route=\/wp\/v2\/media\/2988223"}],"wp:attachment":[{"href":"https:\/\/agpnoticias.com\/news\/index.php?rest_route=%2Fwp%2Fv2%2Fmedia&parent=2988222"}],"wp:term":[{"taxonomy":"category","embeddable":true,"href":"https:\/\/agpnoticias.com\/news\/index.php?rest_route=%2Fwp%2Fv2%2Fcategories&post=2988222"},{"taxonomy":"post_tag","embeddable":true,"href":"https:\/\/agpnoticias.com\/news\/index.php?rest_route=%2Fwp%2Fv2%2Ftags&post=2988222"}],"curies":[{"name":"wp","href":"https:\/\/api.w.org\/{rel}","templated":true}]}}