{"id":2988284,"date":"2025-09-28T22:03:57","date_gmt":"2025-09-29T05:03:57","guid":{"rendered":"https:\/\/agpnoticias.com\/news\/?p=2988284"},"modified":"2025-09-30T17:53:45","modified_gmt":"2025-10-01T00:53:45","slug":"los-xolos-acabaron-con-el-invicto-del-cruz-azul","status":"publish","type":"post","link":"https:\/\/agpnoticias.com\/news\/?p=2988284","title":{"rendered":"Los Xolos acabaron con el invicto del Cruz Azul"},"content":{"rendered":"\n<p>Tijuana, Baja California.- Una expulsi\u00f3n inmediata del juvenil Jorge Luis Rodarte condicion\u00f3 al Cruz Azul, cuyo  invicto finaliz\u00f3 en Tijuana.<\/p>\n\n\n\n<p>Los Xolos aprovecharon y vencieron 2-0 al equipo de Nicol\u00e1s Larcam\u00f3n, que qued\u00f3 cuarto general con 24 puntos, cuando hab\u00eda llegado al Estadio Caliente con la posibilidad de ser l\u00edder del torneo Apertura 2025 en caso de una victoria. <\/p>\n\n\n\n<p>Domingo Blanco (45\u2019+4\u2019) y Mourad (71\u2019) anotaron los goles de los Xolotzcuintles, sextos generales con 19 puntos en 11 jornadas.<\/p>\n\n\n\n<p>El juego sirvi\u00f3 para rendir un reconocimiento a Jes\u00fas Corona, portero del conjunto tijuanense que esta noche se retir\u00f3 despu\u00e9s de 22 a\u00f1os de carrera, precisamente frente a su anterior equipo.<\/p>\n\n\n\n<p><strong>Expulsi\u00f3n temprana<\/strong><\/p>\n\n\n\n<p>Rodarte dej\u00f3 con 10 a la m\u00e1quina al minuto cuatro por una entrada al tobillo de Adonis Preciado. Roja directa.<\/p>\n\n\n\n<p><strong>Gol antes del descanso<\/strong><\/p>\n\n\n\n<p>Al cuarto de ocho minutos de agregado en el primer tiempo, Domingo Blanco abri\u00f3 el marcador, superando en la marca a Gonzalo Piovi para vencer a Kevin Mier.<\/p>\n\n\n\n<p><strong>Amenaza de empate<\/strong><\/p>\n\n\n\n<p>Un rechazo de To\u00f1o Rodr\u00edguez a un tiro libre de Gonzalo Piovi qued\u00f3 de frente a Rodolfo Rotondi, que pate\u00f3 de primera.<\/p>\n\n\n\n<p>El bal\u00f3n pas\u00f3 apenas desviado.<\/p>\n\n\n\n<p>Los celestes crec\u00edan con m\u00e1s de media hora por jugarse.<\/p>\n\n\n\n<p><strong>El segundo<\/strong><\/p>\n\n\n\n<p>Rafa Fern\u00e1ndez desbord\u00f3 por derecha y tir\u00f3 una diagonal que el delantero ingresado al medio tiempo, Mourad, envi\u00f3 al fondo del arco para estrenarse como goleador en M\u00e9xico.<\/p>\n\n\n\n<p><strong>El homenaje<\/strong><\/p>\n\n\n\n<p>Chuy Corona aline\u00f3 10 minutos del que fue su \u00faltimo juego como futbolista profesional.<\/p>\n\n\n\n<p>Lo reemplaz\u00f3 To\u00f1o Rodr\u00edguez.&nbsp;<\/p>\n\n\n\n<p>Al medio tiempo, ambas directivas le entregaron al medallista de oro ol\u00edmpico por M\u00e9xico en 2012 un reconocimiento por su militancia en Cruz Azul y Xolos.<\/p>\n\n\n\n<p>Corona tambi\u00e9n jug\u00f3 en Atlas y Tecos, as\u00ed como refuerzo de Chivas en Copa Libertadores.<\/p>\n\n\n\n<p><strong>La fecha 12<\/strong><\/p>\n\n\n\n<p>Tijuana recibir\u00e1 a Monterrey.<\/p>\n\n\n\n<p>Cruz Azul visitar\u00e1 a los Tigres.<\/p>\n\n\n\n<figure class=\"wp-block-embed is-type-video is-provider-youtube wp-block-embed-youtube wp-embed-aspect-16-9 wp-has-aspect-ratio\"><div class=\"wp-block-embed__wrapper\">\n<iframe title=\"TIJUANA 2-0 CRUZ AZUL| RESUMEN | LIGA MX | APERTURA 2025 | JORNADA 11\" width=\"640\" height=\"360\" src=\"https:\/\/www.youtube.com\/embed\/kXyYKbyQuCA?feature=oembed\" frameborder=\"0\" allow=\"accelerometer; autoplay; clipboard-write; encrypted-media; gyroscope; picture-in-picture; web-share\" referrerpolicy=\"strict-origin-when-cross-origin\" allowfullscreen><\/iframe>\n<\/div><\/figure>\n\n\n\n<p><strong>Xolos<\/strong><\/p>\n\n\n\n<p>Jes\u00fas Corona, Rafa Fern\u00e1ndez, Jackson Porozo, Alejandro G\u00f3mez (Unai Bilbao, 61\u2019), Alan Vega (Pablo Ortiz, 61\u2019), Iv\u00e1n Tona, Frank Boya, Kevin Casta\u00f1eda, Domingo Blanco, Adonis Preciado (Ramiro \u00c1rciga, 45\u2019) y Shamar Nicholson (Mourad, 45\u2019).<\/p>\n\n\n\n<p>D.T. Sebasti\u00e1n Abreu.<\/p>\n\n\n\n<p><strong>Cruz Azul<\/strong><\/p>\n\n\n\n<p>Kevin Mier, Jorge S\u00e1nchez, Willer Ditta, Gonzalo Piovi (Omar Campos, 79\u2019), Rodolfo Rotondi, Erik Lira, Ignacio Rivero (Mateusz Bogusz, 72\u2019), Jeremy M\u00e1rquez (Jes\u00fas Orozco, 45\u2019), Jos\u00e9 Paradela (Carlos Rodr\u00edguez, 79\u2019), Jorge Luis Rodarte y Gabriel Fern\u00e1ndez (\u00c1ngel Sep\u00falveda, 79\u2019).<\/p>\n\n\n\n<p>D.T. Nicol\u00e1s Larcam\u00f3n.<\/p>\n","protected":false},"excerpt":{"rendered":"<p>Tijuana, Baja California.- Una expulsi\u00f3n inmediata del juvenil Jorge Luis Rodarte condicion\u00f3 al Cruz Azul,&#8230;<\/p>\n","protected":false},"author":1,"featured_media":2988285,"comment_status":"closed","ping_status":"closed","sticky":false,"template":"","format":"video","meta":{"footnotes":""},"categories":[32,1081,1151],"tags":[],"class_list":["post-2988284","post","type-post","status-publish","format-video","has-post-thumbnail","hentry","category-soccer","category-liga-mx","category-portada","post_format-post-format-video"],"_links":{"self":[{"href":"https:\/\/agpnoticias.com\/news\/index.php?rest_route=\/wp\/v2\/posts\/2988284","targetHints":{"allow":["GET"]}}],"collection":[{"href":"https:\/\/agpnoticias.com\/news\/index.php?rest_route=\/wp\/v2\/posts"}],"about":[{"href":"https:\/\/agpnoticias.com\/news\/index.php?rest_route=\/wp\/v2\/types\/post"}],"author":[{"embeddable":true,"href":"https:\/\/agpnoticias.com\/news\/index.php?rest_route=\/wp\/v2\/users\/1"}],"replies":[{"embeddable":true,"href":"https:\/\/agpnoticias.com\/news\/index.php?rest_route=%2Fwp%2Fv2%2Fcomments&post=2988284"}],"version-history":[{"count":4,"href":"https:\/\/agpnoticias.com\/news\/index.php?rest_route=\/wp\/v2\/posts\/2988284\/revisions"}],"predecessor-version":[{"id":2988314,"href":"https:\/\/agpnoticias.com\/news\/index.php?rest_route=\/wp\/v2\/posts\/2988284\/revisions\/2988314"}],"wp:featuredmedia":[{"embeddable":true,"href":"https:\/\/agpnoticias.com\/news\/index.php?rest_route=\/wp\/v2\/media\/2988285"}],"wp:attachment":[{"href":"https:\/\/agpnoticias.com\/news\/index.php?rest_route=%2Fwp%2Fv2%2Fmedia&parent=2988284"}],"wp:term":[{"taxonomy":"category","embeddable":true,"href":"https:\/\/agpnoticias.com\/news\/index.php?rest_route=%2Fwp%2Fv2%2Fcategories&post=2988284"},{"taxonomy":"post_tag","embeddable":true,"href":"https:\/\/agpnoticias.com\/news\/index.php?rest_route=%2Fwp%2Fv2%2Ftags&post=2988284"}],"curies":[{"name":"wp","href":"https:\/\/api.w.org\/{rel}","templated":true}]}}