{"id":2988533,"date":"2025-10-07T20:21:48","date_gmt":"2025-10-08T03:21:48","guid":{"rendered":"https:\/\/agpnoticias.com\/news\/?p=2988533"},"modified":"2025-10-07T20:34:12","modified_gmt":"2025-10-08T03:34:12","slug":"2988533","status":"publish","type":"post","link":"https:\/\/agpnoticias.com\/news\/?p=2988533","title":{"rendered":"Imanol Rodr\u00edguez, otro ensenadense a las filas de UFC al ganar en Dana White&#8217;s Contender Series"},"content":{"rendered":"\n<p>Las Vegas, Nevada.- Imanol Rodr\u00edguez venci\u00f3 al brasile\u00f1o Roque Junior Conceicao en Dana White Contender Series.<\/p>\n\n\n\n<p>El peleador ensenadense acab\u00f3 con su rival en el primer round (2:12).<\/p>\n\n\n\n<p>\u201cVine a trabajar y demostrar que estoy listo para Grandes Ligas, eso le dije a Dana White. Quiero pelear el 15 de noviembre, que es mi cumplea\u00f1os, \u00bfpor qu\u00e9 no?\u201d, dijo tras el combate.<\/p>\n\n\n\n<figure class=\"wp-block-embed is-type-rich is-provider-twitter wp-block-embed-twitter\"><div class=\"wp-block-embed__wrapper\">\n<blockquote class=\"twitter-tweet\" data-width=\"550\" data-dnt=\"true\"><p lang=\"es\" dir=\"ltr\">Palabras del vencedor! Imanol Rodr\u00edguez ??? <a href=\"https:\/\/twitter.com\/hashtag\/DWCS?src=hash&amp;ref_src=twsrc%5Etfw\">#DWCS<\/a> <a href=\"https:\/\/t.co\/neGhvNWGwa\">pic.twitter.com\/neGhvNWGwa<\/a><\/p>&mdash; UFC Espa\u00f1ol (@UFCEspanol) <a href=\"https:\/\/twitter.com\/UFCEspanol\/status\/1975728140715499617?ref_src=twsrc%5Etfw\">October 8, 2025<\/a><\/blockquote><script async src=\"https:\/\/platform.twitter.com\/widgets.js\" charset=\"utf-8\"><\/script>\n<\/div><\/figure>\n\n\n\n<p>Sobre la reacci\u00f3n efusiva de Daniel Cormier, el legendario hoy entrenador de artes marciales mixtas como figura influyente de la UFC,, se\u00f1al\u00f3: \u201cEs el principio de esta nueva era. DC es el mejor coach. Vamos a arrasar con todas las divisiones\u201d.<\/p>\n\n\n\n<p>Por \u00faltimo pidi\u00f3 la revancha a Joseph Morales, quien lo venci\u00f3 en una discutida decisi\u00f3n dentro de The Ultimate Fighter. \u201cLa necesito\u201d, sentenci\u00f3. \u201cEstoy listo para todo, vengo a dar show\u201d.<\/p>\n\n\n\n<figure class=\"wp-block-image size-large\"><img fetchpriority=\"high\" decoding=\"async\" width=\"810\" height=\"599\" src=\"https:\/\/agpnoticias.com\/news\/wp-content\/uploads\/2025\/10\/559015299_1518245006967751_5609599272471044538_n-810x599.jpg\" alt=\"\" class=\"wp-image-2988539\"\/><\/figure>\n\n\n\n<p>Imanol Rodr\u00edguez \u2014que se acerc\u00f3 a saludar a Dana White al t\u00e9rmino del combate\u2014 ser\u00e1 el segundo peleador nacido en Ensenada dentro de UFC; el primero que firm\u00f3 para esa empresa es Jes\u00fas Aguilar.<\/p>\n","protected":false},"excerpt":{"rendered":"<p>Las Vegas, Nevada.- Imanol Rodr\u00edguez venci\u00f3 al brasile\u00f1o Roque Junior Conceicao en Dana White Contender&#8230;<\/p>\n","protected":false},"author":1,"featured_media":2988534,"comment_status":"closed","ping_status":"closed","sticky":false,"template":"","format":"video","meta":{"footnotes":""},"categories":[581,1146,1151,1152],"tags":[],"class_list":["post-2988533","post","type-post","status-publish","format-video","has-post-thumbnail","hentry","category-artes-marciales","category-ensenada","category-portada","category-editor-seleccion","post_format-post-format-video"],"_links":{"self":[{"href":"https:\/\/agpnoticias.com\/news\/index.php?rest_route=\/wp\/v2\/posts\/2988533","targetHints":{"allow":["GET"]}}],"collection":[{"href":"https:\/\/agpnoticias.com\/news\/index.php?rest_route=\/wp\/v2\/posts"}],"about":[{"href":"https:\/\/agpnoticias.com\/news\/index.php?rest_route=\/wp\/v2\/types\/post"}],"author":[{"embeddable":true,"href":"https:\/\/agpnoticias.com\/news\/index.php?rest_route=\/wp\/v2\/users\/1"}],"replies":[{"embeddable":true,"href":"https:\/\/agpnoticias.com\/news\/index.php?rest_route=%2Fwp%2Fv2%2Fcomments&post=2988533"}],"version-history":[{"count":4,"href":"https:\/\/agpnoticias.com\/news\/index.php?rest_route=\/wp\/v2\/posts\/2988533\/revisions"}],"predecessor-version":[{"id":2988540,"href":"https:\/\/agpnoticias.com\/news\/index.php?rest_route=\/wp\/v2\/posts\/2988533\/revisions\/2988540"}],"wp:featuredmedia":[{"embeddable":true,"href":"https:\/\/agpnoticias.com\/news\/index.php?rest_route=\/wp\/v2\/media\/2988534"}],"wp:attachment":[{"href":"https:\/\/agpnoticias.com\/news\/index.php?rest_route=%2Fwp%2Fv2%2Fmedia&parent=2988533"}],"wp:term":[{"taxonomy":"category","embeddable":true,"href":"https:\/\/agpnoticias.com\/news\/index.php?rest_route=%2Fwp%2Fv2%2Fcategories&post=2988533"},{"taxonomy":"post_tag","embeddable":true,"href":"https:\/\/agpnoticias.com\/news\/index.php?rest_route=%2Fwp%2Fv2%2Ftags&post=2988533"}],"curies":[{"name":"wp","href":"https:\/\/api.w.org\/{rel}","templated":true}]}}