{"id":2988637,"date":"2025-10-10T13:20:41","date_gmt":"2025-10-10T20:20:41","guid":{"rendered":"https:\/\/agpnoticias.com\/news\/?p=2988637"},"modified":"2025-10-10T13:20:41","modified_gmt":"2025-10-10T20:20:41","slug":"ensenada-albergara-el-campeonato-nacional-de-ciclismo-de-ruta-2025","status":"publish","type":"post","link":"https:\/\/agpnoticias.com\/news\/?p=2988637","title":{"rendered":"Ensenada albergar\u00e1 el Campeonato Nacional de Ciclismo de Ruta 2025"},"content":{"rendered":"<p>Ensenada, B.C. \u2013 Del 23 al 25 de octubre, la Arena Valle de Guadalupe ser\u00e1 sede del Campeonato Nacional de Ciclismo de Ruta 2025, uno de los eventos m\u00e1s importantes del calendario deportivo nacional, donde participar\u00e1n los mejores pedalistas juveniles y sub-23 del pa\u00eds.<\/p>\n<p>La competencia es organizada por la Uni\u00f3n Ciclista de M\u00e9xico (UCIMEX) en coordinaci\u00f3n con el Gobierno del Estado de Baja California y el Instituto del Deporte y la Cultura F\u00edsica (INDE), bajo la reglamentaci\u00f3n de la Uni\u00f3n Ciclista Internacional (UCI).<\/p>\n<p><a href=\"https:\/\/agpnoticias.com\/news\/?attachment_id=2988639\" rel=\"attachment wp-att-2988639\"><img fetchpriority=\"high\" decoding=\"async\" class=\"aligncenter size-full wp-image-2988639\" src=\"https:\/\/agpnoticias.com\/news\/wp-content\/uploads\/2025\/10\/IMG_2143.jpeg\" alt=\"\" width=\"1200\" height=\"900\" srcset=\"https:\/\/agpnoticias.com\/news\/wp-content\/uploads\/2025\/10\/IMG_2143.jpeg 1200w, https:\/\/agpnoticias.com\/news\/wp-content\/uploads\/2025\/10\/IMG_2143-1024x768.jpeg 1024w\" sizes=\"(max-width: 1200px) 100vw, 1200px\" \/><\/a><\/p>\n<p>El evento reunir\u00e1 a ciclistas de las categor\u00edas Juvenil (17-18 a\u00f1os) y Sub-23 (19-22 a\u00f1os), en ambas ramas, quienes competir\u00e1n en las pruebas de contrarreloj individual y ruta.<\/p>\n<p>Las inscripciones ya est\u00e1n abiertas en el portal oficial <a href=\"http:\/\/www.asdeporte.com\/\">www.asdeporte.com<\/a>, con un costo de 700 pesos por evento. El registro y confirmaci\u00f3n se llevar\u00e1 a cabo el 22 de octubre en el Hotel Coral de Ensenada, en horario de 10:00 a 14:00 y de 16:00 a 18:00 horas. Ese mismo d\u00eda, a las 19:00 horas, se realizar\u00e1 la junta t\u00e9cnica con los participantes.<\/p>\n<p>Para completar el registro, los ciclistas deber\u00e1n presentar:<\/p>\n<ul>\n<li>Carta de confirmaci\u00f3n de registro.<\/li>\n<li>Licencia Nacional y\/o UCI (obligatoria para categor\u00edas Elite y Sub-23).<\/li>\n<li>Identificaci\u00f3n vigente (INE o pasaporte).<\/li>\n<li>Exoneraci\u00f3n.<\/li>\n<li>Aval de la asociaci\u00f3n correspondiente (selecci\u00f3n estatal o equipo).<\/li>\n<li>Uniforme oficial.<\/li>\n<\/ul>\n<p>Entre los beneficios para los participantes se incluyen chip de cronometraje, n\u00fameros dorsales, acceso a resultados oficiales, servicio m\u00e9dico y zona de recuperaci\u00f3n.<\/p>\n<p>Las distancias oficiales ser\u00e1n las siguientes:<\/p>\n<ul>\n<li>Femenil Juvenil C: Contrarreloj 20 km \/ Ruta 80 km<\/li>\n<li>Varonil Juvenil C: Contrarreloj 28 km \/ Ruta 120 km<\/li>\n<li>Femenil Elite y Sub-23: Contrarreloj 28 km \/ Ruta 120\u2013160 km<\/li>\n<li>Varonil Elite y Sub-23: Contrarreloj 42 km \/ Ruta 160\u2013200 km<\/li>\n<\/ul>\n<p>Los tres primeros lugares de cada categor\u00eda y rama recibir\u00e1n medallas, mientras que los campeones nacionales ser\u00e1n reconocidos con el jersey oficial que los distinguir\u00e1 como los mejores del pa\u00eds.<\/p>\n<p style=\"text-align: center;\"><a href=\"https:\/\/agpnoticias.com\/news\/?attachment_id=2988638\" rel=\"attachment wp-att-2988638\"><img decoding=\"async\" class=\"aligncenter size-full wp-image-2988638\" src=\"https:\/\/agpnoticias.com\/news\/wp-content\/uploads\/2025\/10\/CAFF11BA-C093-450E-A5FC-97D2681E0156.jpeg\" alt=\"\" width=\"900\" height=\"1200\" \/><\/a><\/p>\n<p>El evento contar\u00e1 con la supervisi\u00f3n de comisarios designados por el comit\u00e9 organizador, encabezado por Bernardo de la Garza Herrera, presidente de la UCIMEX, y Laura Marmolejo Toscano, directora general del INDE Baja California.<\/p>\n","protected":false},"excerpt":{"rendered":"<p>Ensenada, B.C. \u2013 Del 23 al 25 de octubre, la Arena Valle de Guadalupe ser\u00e1&#8230;<\/p>\n","protected":false},"author":1,"featured_media":2988640,"comment_status":"closed","ping_status":"closed","sticky":false,"template":"","format":"standard","meta":{"footnotes":""},"categories":[692,1151],"tags":[],"class_list":["post-2988637","post","type-post","status-publish","format-standard","has-post-thumbnail","hentry","category-ciclismo","category-portada"],"_links":{"self":[{"href":"https:\/\/agpnoticias.com\/news\/index.php?rest_route=\/wp\/v2\/posts\/2988637","targetHints":{"allow":["GET"]}}],"collection":[{"href":"https:\/\/agpnoticias.com\/news\/index.php?rest_route=\/wp\/v2\/posts"}],"about":[{"href":"https:\/\/agpnoticias.com\/news\/index.php?rest_route=\/wp\/v2\/types\/post"}],"author":[{"embeddable":true,"href":"https:\/\/agpnoticias.com\/news\/index.php?rest_route=\/wp\/v2\/users\/1"}],"replies":[{"embeddable":true,"href":"https:\/\/agpnoticias.com\/news\/index.php?rest_route=%2Fwp%2Fv2%2Fcomments&post=2988637"}],"version-history":[{"count":1,"href":"https:\/\/agpnoticias.com\/news\/index.php?rest_route=\/wp\/v2\/posts\/2988637\/revisions"}],"predecessor-version":[{"id":2988641,"href":"https:\/\/agpnoticias.com\/news\/index.php?rest_route=\/wp\/v2\/posts\/2988637\/revisions\/2988641"}],"wp:featuredmedia":[{"embeddable":true,"href":"https:\/\/agpnoticias.com\/news\/index.php?rest_route=\/wp\/v2\/media\/2988640"}],"wp:attachment":[{"href":"https:\/\/agpnoticias.com\/news\/index.php?rest_route=%2Fwp%2Fv2%2Fmedia&parent=2988637"}],"wp:term":[{"taxonomy":"category","embeddable":true,"href":"https:\/\/agpnoticias.com\/news\/index.php?rest_route=%2Fwp%2Fv2%2Fcategories&post=2988637"},{"taxonomy":"post_tag","embeddable":true,"href":"https:\/\/agpnoticias.com\/news\/index.php?rest_route=%2Fwp%2Fv2%2Ftags&post=2988637"}],"curies":[{"name":"wp","href":"https:\/\/api.w.org\/{rel}","templated":true}]}}