{"id":2988759,"date":"2025-10-15T16:27:59","date_gmt":"2025-10-15T23:27:59","guid":{"rendered":"https:\/\/agpnoticias.com\/news\/?p=2988759"},"modified":"2025-10-15T16:30:35","modified_gmt":"2025-10-15T23:30:35","slug":"cierre-triunfal-de-ensenada-isaac-del-toro-se-apunta-su-triunfo-16-de-2025-y-es-top-3-mundial","status":"publish","type":"post","link":"https:\/\/agpnoticias.com\/news\/?p=2988759","title":{"rendered":"Cierre triunfal: De Ensenada, Isaac del Toro, se apunta su triunfo 16 de 2025 y es Top 3 Mundial"},"content":{"rendered":"\n<p>Veneto, Italia.- El mexicano Isaac del Toro (UAE) ha firmado una nueva demostraci\u00f3n para imponerse en el Giro del Veneto, disputado entre Vicenza y Verona y 161,2 kil\u00f3metros de recorrido, y sumar su decimosexto triunfo de la temporada.<\/p>\n\n\n\n<p>Del Toro se mostr\u00f3 una vez m\u00e1s plet\u00f3rico e incontenible para sus rivales, a los que dej\u00f3 en la subida final pese a los intentos de seguirle del franc\u00e9s Romain Gregoire y emprendi\u00f3 su camino hacia la meta con 10,7 kil\u00f3metros por delante para ganar con un crono de 3h24:29.<\/p>\n\n\n\n<figure class=\"wp-block-gallery has-nested-images columns-default is-cropped wp-block-gallery-1 is-layout-flex wp-block-gallery-is-layout-flex\">\n<figure class=\"wp-block-image size-large\"><img fetchpriority=\"high\" decoding=\"async\" width=\"810\" height=\"720\" data-id=\"2988761\" src=\"https:\/\/agpnoticias.com\/news\/wp-content\/uploads\/2025\/10\/Isaac1-810x720.jpeg\" alt=\"\" class=\"wp-image-2988761\"\/><\/figure>\n\n\n\n<figure class=\"wp-block-image size-large\"><img decoding=\"async\" width=\"810\" height=\"810\" data-id=\"2988760\" src=\"https:\/\/agpnoticias.com\/news\/wp-content\/uploads\/2025\/10\/Isaac-810x810.jpeg\" alt=\"\" class=\"wp-image-2988760\" srcset=\"https:\/\/agpnoticias.com\/news\/wp-content\/uploads\/2025\/10\/Isaac-810x810.jpeg 810w, https:\/\/agpnoticias.com\/news\/wp-content\/uploads\/2025\/10\/Isaac-400x400.jpeg 400w, https:\/\/agpnoticias.com\/news\/wp-content\/uploads\/2025\/10\/Isaac-300x300.jpeg 300w\" sizes=\"(max-width: 810px) 100vw, 810px\" \/><\/figure>\n\n\n\n<figure class=\"wp-block-image size-large\"><img decoding=\"async\" width=\"800\" height=\"800\" data-id=\"2988763\" src=\"https:\/\/agpnoticias.com\/news\/wp-content\/uploads\/2025\/10\/Isaac3.jpeg\" alt=\"\" class=\"wp-image-2988763\" srcset=\"https:\/\/agpnoticias.com\/news\/wp-content\/uploads\/2025\/10\/Isaac3.jpeg 800w, https:\/\/agpnoticias.com\/news\/wp-content\/uploads\/2025\/10\/Isaac3-400x400.jpeg 400w, https:\/\/agpnoticias.com\/news\/wp-content\/uploads\/2025\/10\/Isaac3-300x300.jpeg 300w\" sizes=\"(max-width: 800px) 100vw, 800px\" \/><\/figure>\n<\/figure>\n\n\n\n<p>El mexicano aventaj\u00f3 en 22 segundos al grupo perseguidor que lider\u00f3 en la l\u00ednea de meta su compa\u00f1ero Pavel Sivakov por delante del noruego Jonas Abrahamsen (Uno-X Mobility) y el uruguayo Eric Antonio Fag\u00fandez (Burgos Burpellet BH).<\/p>\n\n\n\n<p>Un cierre con broche de oro en la temporada porque, adem\u00e1s de cosechar triunfos, escal\u00f3 hasta el tercer lugar en el ranking de la Uni\u00f3n Ciclista Internacional, por debajo del esloveno Tadej Pogacar y el sueco Jonas Vingegaard.<\/p>\n\n\n\n<figure class=\"wp-block-embed is-type-rich is-provider-twitter wp-block-embed-twitter\"><div class=\"wp-block-embed__wrapper\">\n<blockquote class=\"twitter-tweet\" data-width=\"550\" data-dnt=\"true\"><p lang=\"es\" dir=\"ltr\">???? Isaac del Toro, despedida \u00a1? ????!<br><br>La megaestrella mexicana logra su 16\u00aa -y \u00faltima- victoria de 2025 en el <a href=\"https:\/\/twitter.com\/hashtag\/GirodelVeneto?src=hash&amp;ref_src=twsrc%5Etfw\">#GirodelVeneto<\/a> y mantiene vivo el sue\u00f1o de UAE de alcanzar las ?<br><br>? Lo viviste en <a href=\"https:\/\/twitter.com\/StreamMaxES?ref_src=twsrc%5Etfw\">@StreamMaxES<\/a> <a href=\"https:\/\/twitter.com\/hashtag\/LaCasaDelCiclismo?src=hash&amp;ref_src=twsrc%5Etfw\">#LaCasaDelCiclismo<\/a> <a href=\"https:\/\/t.co\/j9IdFL7NBF\">pic.twitter.com\/j9IdFL7NBF<\/a><\/p>&mdash; Eurosport.es (@Eurosport_ES) <a href=\"https:\/\/twitter.com\/Eurosport_ES\/status\/1978477976808247442?ref_src=twsrc%5Etfw\">October 15, 2025<\/a><\/blockquote><script async src=\"https:\/\/platform.twitter.com\/widgets.js\" charset=\"utf-8\"><\/script>\n<\/div><\/figure>\n\n\n\n<p>\u201cNo tengo arrepentimientos. He aprendido mucho. Por ahora, est\u00e1 bien terminar la temporada as\u00ed. Es estupendo, pero s\u00ed, \u00e9sta fue la \u00faltima carrera para m\u00ed\u201d, inform\u00f3 \u201cTorito\u201d.<\/p>\n\n\n\n<p><em>Informaci\u00f3n: EFE y El Universal .<\/em><\/p>\n","protected":false},"excerpt":{"rendered":"<p>Veneto, Italia.- El mexicano Isaac del Toro (UAE) ha firmado una nueva demostraci\u00f3n para imponerse&#8230;<\/p>\n","protected":false},"author":1,"featured_media":2988762,"comment_status":"closed","ping_status":"closed","sticky":false,"template":"","format":"video","meta":{"footnotes":""},"categories":[692,1146,1151,1152],"tags":[],"class_list":["post-2988759","post","type-post","status-publish","format-video","has-post-thumbnail","hentry","category-ciclismo","category-ensenada","category-portada","category-editor-seleccion","post_format-post-format-video"],"_links":{"self":[{"href":"https:\/\/agpnoticias.com\/news\/index.php?rest_route=\/wp\/v2\/posts\/2988759","targetHints":{"allow":["GET"]}}],"collection":[{"href":"https:\/\/agpnoticias.com\/news\/index.php?rest_route=\/wp\/v2\/posts"}],"about":[{"href":"https:\/\/agpnoticias.com\/news\/index.php?rest_route=\/wp\/v2\/types\/post"}],"author":[{"embeddable":true,"href":"https:\/\/agpnoticias.com\/news\/index.php?rest_route=\/wp\/v2\/users\/1"}],"replies":[{"embeddable":true,"href":"https:\/\/agpnoticias.com\/news\/index.php?rest_route=%2Fwp%2Fv2%2Fcomments&post=2988759"}],"version-history":[{"count":2,"href":"https:\/\/agpnoticias.com\/news\/index.php?rest_route=\/wp\/v2\/posts\/2988759\/revisions"}],"predecessor-version":[{"id":2988765,"href":"https:\/\/agpnoticias.com\/news\/index.php?rest_route=\/wp\/v2\/posts\/2988759\/revisions\/2988765"}],"wp:featuredmedia":[{"embeddable":true,"href":"https:\/\/agpnoticias.com\/news\/index.php?rest_route=\/wp\/v2\/media\/2988762"}],"wp:attachment":[{"href":"https:\/\/agpnoticias.com\/news\/index.php?rest_route=%2Fwp%2Fv2%2Fmedia&parent=2988759"}],"wp:term":[{"taxonomy":"category","embeddable":true,"href":"https:\/\/agpnoticias.com\/news\/index.php?rest_route=%2Fwp%2Fv2%2Fcategories&post=2988759"},{"taxonomy":"post_tag","embeddable":true,"href":"https:\/\/agpnoticias.com\/news\/index.php?rest_route=%2Fwp%2Fv2%2Ftags&post=2988759"}],"curies":[{"name":"wp","href":"https:\/\/api.w.org\/{rel}","templated":true}]}}