{"id":2989118,"date":"2025-10-28T11:29:12","date_gmt":"2025-10-28T18:29:12","guid":{"rendered":"https:\/\/agpnoticias.com\/news\/?p=2989118"},"modified":"2025-10-28T11:29:16","modified_gmt":"2025-10-28T18:29:16","slug":"la-beca-rita-cetina-llegara-a-primaria-en-2026-y-a-preescolar-en-2027-anuncia-marina-del-pilar","status":"publish","type":"post","link":"https:\/\/agpnoticias.com\/news\/?p=2989118","title":{"rendered":"La Beca Rita Cetina llegar\u00e1 a primaria en 2026 y a preescolar en 2027, anuncia Marina del Pilar"},"content":{"rendered":"\n<p>Mexicali, Baja California.- Con el impulso de la presidenta Claudia Sheinbaum Pardo, el programa Beca Rita Cetina se ampliar\u00e1 gradualmente hasta cubrir toda la educaci\u00f3n b\u00e1sica, inform\u00f3 la gobernadora Marina del Pilar Avila Olmeda.<\/p>\n\n\n\n<p>La mandataria explic\u00f3 que esta pol\u00edtica social ha sido dise\u00f1ada para acompa\u00f1ar a las familias mexicanas en los gastos escolares y evitar que ni\u00f1as y ni\u00f1os abandonen sus estudios por motivos econ\u00f3micos.<\/p>\n\n\n\n<p>Actualmente la beca beneficia a estudiantes de secundaria, pero a partir de 2026 se incorporar\u00e1 a primaria y en 2027 a preescolar, lo que representa un paso hist\u00f3rico para la educaci\u00f3n en M\u00e9xico.<\/p>\n\n\n\n<p>\u201cLa Beca Rita Cetina llegar\u00e1 a primaria en 2026 y a preescolar en 2027; es un avance hist\u00f3rico que apoyar\u00e1 directamente a miles de familias bajacalifornianas y millones m\u00e1s en el pa\u00eds\u201d, expres\u00f3 Marina del Pilar.<\/p>\n\n\n\n<p>De acuerdo con la Secretar\u00eda de Educaci\u00f3n P\u00fablica (SEP), el registro para primaria se llevar\u00e1 a cabo en dos fases durante 2026: en enero corresponder\u00e1 a 4\u00b0, 5\u00b0 y 6\u00b0, mientras que en septiembre se abrir\u00e1 para 1\u00b0, 2\u00b0 y 3\u00b0. El tr\u00e1mite ser\u00e1 en l\u00ednea a trav\u00e9s de https:\/\/www.becaritacetina.gob.mx.<\/p>\n\n\n\n<p>El apoyo econ\u00f3mico ser\u00e1 de mil 900 pesos bimestrales por estudiante, con un adicional de 700 pesos para familias que registren a m\u00e1s de un hijo. Estos recursos est\u00e1n destinados a cubrir necesidades b\u00e1sicas como \u00fatiles, uniformes y transporte, lo que contribuye a la econom\u00eda familiar y reduce la deserci\u00f3n escolar.<\/p>\n\n\n\n<p>Respecto al nivel preescolar, la convocatoria se abrir\u00e1 en 2027, con lo que la beca abarcar\u00e1 la totalidad de la educaci\u00f3n b\u00e1sica. La inclusi\u00f3n de este nivel es considerada clave para garantizar igualdad de oportunidades desde la primera infancia.<\/p>\n\n\n\n<p>La mandataria estatal resalt\u00f3 que este tipo de programas consolidan una visi\u00f3n de pa\u00eds m\u00e1s justo y equitativo, al impulsar la permanencia escolar y fortalecer el bienestar de las familias en su conjunto, aliviando la carga econ\u00f3mica que representa la educaci\u00f3n de los hijos.<\/p>\n","protected":false},"excerpt":{"rendered":"<p>Mexicali, Baja California.- Con el impulso de la presidenta Claudia Sheinbaum Pardo, el programa Beca&#8230;<\/p>\n","protected":false},"author":1,"featured_media":2989119,"comment_status":"closed","ping_status":"closed","sticky":false,"template":"","format":"standard","meta":{"footnotes":""},"categories":[1],"tags":[],"class_list":["post-2989118","post","type-post","status-publish","format-standard","has-post-thumbnail","hentry","category-uncategorized"],"_links":{"self":[{"href":"https:\/\/agpnoticias.com\/news\/index.php?rest_route=\/wp\/v2\/posts\/2989118","targetHints":{"allow":["GET"]}}],"collection":[{"href":"https:\/\/agpnoticias.com\/news\/index.php?rest_route=\/wp\/v2\/posts"}],"about":[{"href":"https:\/\/agpnoticias.com\/news\/index.php?rest_route=\/wp\/v2\/types\/post"}],"author":[{"embeddable":true,"href":"https:\/\/agpnoticias.com\/news\/index.php?rest_route=\/wp\/v2\/users\/1"}],"replies":[{"embeddable":true,"href":"https:\/\/agpnoticias.com\/news\/index.php?rest_route=%2Fwp%2Fv2%2Fcomments&post=2989118"}],"version-history":[{"count":1,"href":"https:\/\/agpnoticias.com\/news\/index.php?rest_route=\/wp\/v2\/posts\/2989118\/revisions"}],"predecessor-version":[{"id":2989120,"href":"https:\/\/agpnoticias.com\/news\/index.php?rest_route=\/wp\/v2\/posts\/2989118\/revisions\/2989120"}],"wp:featuredmedia":[{"embeddable":true,"href":"https:\/\/agpnoticias.com\/news\/index.php?rest_route=\/wp\/v2\/media\/2989119"}],"wp:attachment":[{"href":"https:\/\/agpnoticias.com\/news\/index.php?rest_route=%2Fwp%2Fv2%2Fmedia&parent=2989118"}],"wp:term":[{"taxonomy":"category","embeddable":true,"href":"https:\/\/agpnoticias.com\/news\/index.php?rest_route=%2Fwp%2Fv2%2Fcategories&post=2989118"},{"taxonomy":"post_tag","embeddable":true,"href":"https:\/\/agpnoticias.com\/news\/index.php?rest_route=%2Fwp%2Fv2%2Ftags&post=2989118"}],"curies":[{"name":"wp","href":"https:\/\/api.w.org\/{rel}","templated":true}]}}