{"id":2989131,"date":"2025-10-28T15:23:30","date_gmt":"2025-10-28T22:23:30","guid":{"rendered":"https:\/\/agpnoticias.com\/news\/?p=2989131"},"modified":"2025-10-28T15:23:32","modified_gmt":"2025-10-28T22:23:32","slug":"corte-de-agua-programado-en-varias-colonias-de-ensenada","status":"publish","type":"post","link":"https:\/\/agpnoticias.com\/news\/?p=2989131","title":{"rendered":"Corte de agua programado en varias colonias de Ensenada"},"content":{"rendered":"\n<p>Ensenada, B.C.- Habitantes de m\u00e1s de 150 colonias de la Zona Noreste, Zona Sur y Centro deber\u00e1n prepararse para un corte temporal de agua, programado para este mi\u00e9rcoles 29 de octubre, debido a reparaciones en la tuber\u00eda principal de la ciudad.<\/p>\n\n\n\n<p>El suministro se espera que comience a restablecerse el jueves 30, aunque el servicio completo podr\u00eda normalizarse hasta el s\u00e1bado 1 de noviembre, mientras se llenan los tanques y redes de distribuci\u00f3n.<\/p>\n\n\n\n<p><strong><u>ZONA NORESTE<\/u><\/strong><\/p>\n\n\n\n<p>2 de septiembre<\/p>\n\n\n\n<p>28 de agosto<\/p>\n\n\n\n<p>3 de octubre<\/p>\n\n\n\n<p>3er. Ayuntamiento<\/p>\n\n\n\n<p>Altamar<\/p>\n\n\n\n<p>Amp. Reforma<\/p>\n\n\n\n<p>Amplificador moderno<\/p>\n\n\n\n<p>Amplificador Pe\u00f1itas<\/p>\n\n\n\n<p>Amp. VI Ayuntamiento<\/p>\n\n\n\n<p>Appel Chac\u00f3n<\/p>\n\n\n\n<p>Azteca<\/p>\n\n\n\n<p>Balcones de la Presa<\/p>\n\n\n\n<p>Bella Vista<\/p>\n\n\n\n<p>Benito Ju\u00e1rez<\/p>\n\n\n\n<p>Colinas de la Joyita<\/p>\n\n\n\n<p>Colinas de la Presa<\/p>\n\n\n\n<p>Colinas de San \u00c1ngel 1a. Sec.<\/p>\n\n\n\n<p>Colinas de San \u00c1ngel 2a. Sec.<\/p>\n\n\n\n<p>Colinas del Magisterio<\/p>\n\n\n\n<p>Colinas del Sol<\/p>\n\n\n\n<p>Comercial Chapultepec<\/p>\n\n\n\n<p>Coronitas<\/p>\n\n\n\n<p>Cumbres de la Presa<\/p>\n\n\n\n<p>Del Cedro<\/p>\n\n\n\n<p>Ejido Ruiz Cortines<\/p>\n\n\n\n<p>El Sauzal<\/p>\n\n\n\n<p>Emiliano Zapata<\/p>\n\n\n\n<p>Empleados<\/p>\n\n\n\n<p>Estado de M\u00e9xico<\/p>\n\n\n\n<p>Flores Mag\u00f3n<\/p>\n\n\n\n<p>Fracc. Chapultepec<\/p>\n\n\n\n<p>Granjas Chapingo<\/p>\n\n\n\n<p>Ignacio Allende<\/p>\n\n\n\n<p>Ignacio Altamirano<\/p>\n\n\n\n<p>Jes\u00fas Mungu\u00eda<\/p>\n\n\n\n<p>La Joya<\/p>\n\n\n\n<p>La Joyita<\/p>\n\n\n\n<p>Las Fincas<\/p>\n\n\n\n<p>Las Flores de Ensenada<\/p>\n\n\n\n<p>Las Margaritas<\/p>\n\n\n\n<p>Las Palmas 2da. Secc.<\/p>\n\n\n\n<p>L\u00e1zaro C\u00e1rdenas I y II<\/p>\n\n\n\n<p>Loma Linda<\/p>\n\n\n\n<p>Lomas de la Joyita<\/p>\n\n\n\n<p>Lomas de la Presa<\/p>\n\n\n\n<p>Lomitas<\/p>\n\n\n\n<p>Lomitas Indeco I, II y III<\/p>\n\n\n\n<p>Los Encinos<\/p>\n\n\n\n<p>Los Laureles<\/p>\n\n\n\n<p>Los Olivares<\/p>\n\n\n\n<p>Luis Echeverr\u00eda<\/p>\n\n\n\n<p>Magistral<\/p>\n\n\n\n<p>Mar de Cort\u00e9s<\/p>\n\n\n\n<p>Mar de Ensenada<\/p>\n\n\n\n<p>Mediterr\u00e1neo<\/p>\n\n\n\n<p>Miguel Alem\u00e1n<\/p>\n\n\n\n<p>Misi\u00f3n<\/p>\n\n\n\n<p>Misiones de la Presa I y II<\/p>\n\n\n\n<p>Moderna<\/p>\n\n\n\n<p>Moderna Oeste<\/p>\n\n\n\n<p>Montemar<\/p>\n\n\n\n<p>Nuevo Milenio<\/p>\n\n\n\n<p>Olivos<\/p>\n\n\n\n<p>Palmas<\/p>\n\n\n\n<p>Palmas III<\/p>\n\n\n\n<p>Pedregal Playitas<\/p>\n\n\n\n<p>Pe\u00f1itas<\/p>\n\n\n\n<p>Piedras Negras<\/p>\n\n\n\n<p>Popular 89<\/p>\n\n\n\n<p>Popular yo<\/p>\n\n\n\n<p>P\u00f3rticos de Arboledas I, II y III<\/p>\n\n\n\n<p>Privada Mediterr\u00e1neo<\/p>\n\n\n\n<p>Privadas del Real<\/p>\n\n\n\n<p>Puerto Azul<\/p>\n\n\n\n<p>Puesta del Sol<\/p>\n\n\n\n<p>Lomitas Reacomodo<\/p>\n\n\n\n<p>Reacomodo Mungu\u00eda<\/p>\n\n\n\n<p>Real de San Marino<\/p>\n\n\n\n<p>Rebombeo 1ro. de Mayo<\/p>\n\n\n\n<p>Residencial Las Lomas<\/p>\n\n\n\n<p>Residencial Misiones<\/p>\n\n\n\n<p>Revoluci\u00f3n<\/p>\n\n\n\n<p>Salvador Rosas Magall\u00f3n<\/p>\n\n\n\n<p>Territorio Sur<\/p>\n\n\n\n<p>Tom\u00e1s Comunales de la Zona de la Col. 89<\/p>\n\n\n\n<p>VI Ayuntamiento<\/p>\n\n\n\n<p>Villa Fontana<\/p>\n\n\n\n<p>Villas del Cedro&nbsp;<\/p>\n\n\n\n<p>Villas del Prado<\/p>\n\n\n\n<p>Villas del Sol I y II<\/p>\n\n\n\n<p>Villas Las Rosas<\/p>\n\n\n\n<p>El Sahuaro<\/p>\n\n\n\n<p>Vista al Sol<\/p>\n\n\n\n<p>Vista Hermosa<\/p>\n\n\n\n<p>Zona Centro<\/p>\n\n\n\n<p><strong><u>ZONA SUR<\/u><\/strong><\/p>\n\n\n\n<p>Lomas de San Fernando<\/p>\n\n\n\n<p>P\u00f3rticos del Mar<\/p>\n\n\n\n<p>Aeropuerto<\/p>\n\n\n\n<p>Escritores<\/p>\n\n\n\n<p>Villas del Mar<\/p>\n\n\n\n<p>Real de San Fernando<\/p>\n\n\n\n<p>Residencial San Borja<\/p>\n\n\n\n<p>Villas 1, 2 y 3<\/p>\n\n\n\n<p>Ruiz Cortines<\/p>\n\n\n\n<p>Praderas de El Cipr\u00e9s<\/p>\n\n\n\n<p>Zona de El Naranjo<\/p>\n\n\n\n<p>Vista Hermosa Geo<\/p>\n\n\n\n<p>Carlos Pacheco<\/p>\n\n\n\n<p>Residencial Juan Diego<\/p>\n\n\n\n<p>Fracc. Quetzal<\/p>\n\n\n\n<p>Valle Dorado<\/p>\n\n\n\n<p>Villa Colonial<\/p>\n\n\n\n<p>Punta Banda<\/p>\n\n\n\n<p>Los Lagos<\/p>\n\n\n\n<p>Playa Hermosa<\/p>\n\n\n\n<p>Acapulco<\/p>\n\n\n\n<p>Zona Centro (arroyo Ensenada hacia ave. Reforma y del blvd. Costero a la calle Sexta)<\/p>\n\n\n\n<p>Fracc. Nueva Ensenada<\/p>\n\n\n\n<p>Fracc. Playa Ensenada<\/p>\n\n\n\n<p>Fracc. Bah\u00eda<\/p>\n\n\n\n<p>Fracc. Granados<\/p>\n\n\n\n<p><strong><u>ACUEDUCTO MANEADERO<\/u><\/strong><\/p>\n\n\n\n<p>P\u00f3rticos del Mar<\/p>\n\n\n\n<p>Aeropuerto<\/p>\n\n\n\n<p>Escritores<\/p>\n\n\n\n<p>Villas del Real 1, 2 y 3<\/p>\n\n\n\n<p>Real de San Fernando<\/p>\n\n\n\n<p>Villas del Mar<\/p>\n\n\n\n<p>Andares<\/p>\n\n\n\n<p>Praderas del Cipr\u00e9s<\/p>\n\n\n\n<p>Zona Naranjo<\/p>\n\n\n\n<p>Residencial Juan Diego<\/p>\n\n\n\n<p>Residencial San Borja<\/p>\n\n\n\n<p>Puerta del Mar<\/p>\n\n\n\n<p>Vista Hermosa<\/p>\n\n\n\n<p>Rinc\u00f3n del Mar<\/p>\n\n\n\n<p>Quetzal<\/p>\n\n\n\n<p>Valle Dorado<\/p>\n\n\n\n<p>Villa Colonial<\/p>\n\n\n\n<p>Los Lagos<\/p>\n\n\n\n<p>Loma Dorada<\/p>\n\n\n\n<p>Secci\u00f3n Brisas<\/p>\n\n\n\n<p>Punta Banda 1, 2 y 3<\/p>\n\n\n\n<p>Acapulco<\/p>\n\n\n\n<p>Playa Hermosa<\/p>\n\n\n\n<p>Playa Ensenada<\/p>\n\n\n\n<p>Nuevo Ensenada<\/p>\n\n\n\n<p>Buenaventura<\/p>\n\n\n\n<p>Obrera<\/p>\n\n\n\n<p>Zona Centro (del arroyo Ensenada a la Reforma)<\/p>\n\n\n\n<p><strong><u>DESALINIZADORA \u201cAguas de Ensenada\u201d<\/u><\/strong><\/p>\n\n\n\n<p>Aviaci\u00f3n<\/p>\n\n\n\n<p>Arcoiris<\/p>\n\n\n\n<p>\u00c1lamo<\/p>\n\n\n\n<p>Aguajito y Amp. Aguajito<\/p>\n\n\n\n<p>Bah\u00eda de Ensenada<strong><u><\/u><\/strong><\/p>\n\n\n\n<p>Buenaventura<\/p>\n\n\n\n<p>Bonifaz Popoff<\/p>\n\n\n\n<p>Costa Bella<\/p>\n\n\n\n<p>Costa Azul<\/p>\n\n\n\n<p>Cuauht\u00e9moc<\/p>\n\n\n\n<p>California<\/p>\n\n\n\n<p>Careaga<\/p>\n\n\n\n<p>Chula Vista<\/p>\n\n\n\n<p>Esperanza<\/p>\n\n\n\n<p>Emiliano Zapata<\/p>\n\n\n\n<p>Francisco Villa 1 y 2<\/p>\n\n\n\n<p>Granados<\/p>\n\n\n\n<p>G\u00f3mez Mor\u00edn y Amp. G\u00f3mez Mor\u00edn<\/p>\n\n\n\n<p>Gali Residencial<\/p>\n\n\n\n<p>Granjas El Gallo<\/p>\n\n\n\n<p>Hidalgo y Amp. Hidalgo<\/p>\n\n\n\n<p>Inv. Lomas del Pedregal<\/p>\n\n\n\n<p>Industrial<\/p>\n\n\n\n<p>Independencia<\/p>\n\n\n\n<p>Jes\u00fas Mungu\u00eda<\/p>\n\n\n\n<p>Josefa Ortiz de Dom\u00ednguez<\/p>\n\n\n\n<p>Jalisco<\/p>\n\n\n\n<p>Libertad<\/p>\n\n\n\n<p>Loma Bonita<\/p>\n\n\n\n<p>Lomitas<\/p>\n\n\n\n<p>Lomas de la Presa<\/p>\n\n\n\n<p>1 de marzo<\/p>\n\n\n\n<p>Mar de Ensenada<\/p>\n\n\n\n<p>Maestros<\/p>\n\n\n\n<p>Montemar<\/p>\n\n\n\n<p>Morelos 1 y 2<\/p>\n\n\n\n<p>M\u00e1rquez de Le\u00f3n y Amp. M\u00e1rquez de Le\u00f3n<\/p>\n\n\n\n<p>Nuevo Ensenada<\/p>\n\n\n\n<p>Ni\u00f1os H\u00e9roes<\/p>\n\n\n\n<p>Playa Ensenada<\/p>\n\n\n\n<p>Prohogar<\/p>\n\n\n\n<p>Popular 89 (Cabo Falso)<\/p>\n\n\n\n<p>Puesta del Sol 1 y 2<\/p>\n\n\n\n<p>Puerto Azul<\/p>\n\n\n\n<p>Revoluci\u00f3n<\/p>\n\n\n\n<p>Ramos<\/p>\n\n\n\n<p>Reforma y Amp. Reforma<\/p>\n\n\n\n<p>Rosas Magall\u00f3n<\/p>\n\n\n\n<p>San Sebasti\u00e1n<\/p>\n\n\n\n<p>San Rafael<\/p>\n\n\n\n<p>San Luis<\/p>\n\n\n\n<p>Secci\u00f3n Fidue<\/p>\n\n\n\n<p>Terrazas El Gallo<\/p>\n\n\n\n<p>\u00dalbrich<\/p>\n\n\n\n<p>Villas del Roble<\/p>\n\n\n\n<p>Victoria<\/p>\n\n\n\n<p>Villa Bonita<\/p>\n\n\n\n<p>Popular<\/p>\n\n\n\n<p>17 de Mayo y Ampliaci\u00f3n<\/p>\n\n\n\n<p><strong><u>DESALINIZADORA: colonias indirectas<\/u><\/strong><\/p>\n\n\n\n<p>Lomas de San Fernando<\/p>\n\n\n\n<p>Pop. Todos Santos<\/p>\n\n\n\n<p>Punta Banda<\/p>\n\n\n\n<p>Praderas del Cipr\u00e9s<\/p>\n\n\n\n<p>Villa Residencial del Real 2<\/p>\n\n\n\n<p>Villa Residencial del Rey 2<\/p>\n\n\n\n<p>Villa Residencial del Rey 2 Segunda Secci\u00f3n<strong><em><u><br><\/u><\/em><\/strong><\/p>\n\n\n\n<p><strong><u>INFLUENCIA DE LA L\u00cdNEA 2<\/u><\/strong><\/p>\n\n\n\n<p>Territorio sur<\/p>\n\n\n\n<p>Moderna<\/p>\n\n\n\n<p>Moderna oeste<\/p>\n\n\n\n<p>Azteca<\/p>\n\n\n\n<p>Chapultepec<\/p>\n\n\n\n<p>Comercial Chapultepec<\/p>\n\n\n\n<p>Aduana<\/p>\n\n\n\n<p>Lomas de San Marino<\/p>\n\n\n\n<p>Playitas de pedregal<\/p>\n\n\n\n<p>CICESE<\/p>\n\n\n\n<p>Sahuaro<\/p>\n\n\n\n<p><strong><u>INFLUENCIA DE LA L\u00cdNEA 3<\/u><\/strong><\/p>\n\n\n\n<p>Fovissste<\/p>\n\n\n\n<p>Echeverr\u00eda<\/p>\n\n\n\n<p>Los Encinos<\/p>\n\n\n\n<p>Villas del Prado<\/p>\n\n\n\n<p>Empleados<\/p>\n\n\n\n<p>Benito Ju\u00e1rez<\/p>\n\n\n\n<p>Las Fincas<\/p>\n\n\n\n<p>Arboledas<\/p>\n\n\n\n<p>Los Girasoles<\/p>\n\n\n\n<p>Mediterr\u00e1neo<\/p>\n\n\n\n<p>Popular<\/p>\n\n\n\n<p>Chapingo<\/p>\n\n\n\n<p>Bosque de los Olivos<\/p>\n\n\n\n<p>Laureles<\/p>\n\n\n\n<p>Alisos<\/p>\n\n\n\n<p>Ecolomas<\/p>\n\n\n\n<p>Echeverr\u00eda<\/p>\n\n\n\n<p>Condominios Las Rosas<\/p>\n\n\n\n<p>Fracc. M\u00e9xico<\/p>\n\n\n\n<p>Balcones de la Presa<\/p>\n\n\n\n<p>Benito Ju\u00e1rez<\/p>\n\n\n\n<p>Revoluci\u00f3n<\/p>\n\n\n\n<p>Emiliano Zapata<\/p>\n\n\n\n<p>Altamar<\/p>\n\n\n\n<p>Reforma<\/p>\n\n\n\n<p>Francisco Villa<\/p>\n\n\n\n<p>Granjas<\/p>\n\n\n\n<p>Lomas de la Presa<\/p>\n\n\n\n<p>Lomitas<\/p>\n\n\n\n<p>Indeco<\/p>\n\n\n\n<p>Magistral<\/p>\n\n\n\n<p>Mar de Cort\u00e9s<\/p>\n\n\n\n<p>Mar de Ensenada<\/p>\n\n\n\n<p>M\u00e1rquez de Le\u00f3n<\/p>\n\n\n\n<p>Mediterr\u00e1neo<\/p>\n\n\n\n<p>Nuevo Milenio<\/p>\n\n\n\n<p>Piedras Negras<\/p>\n\n\n\n<p>Popular 89<\/p>\n\n\n\n<p>Misiones<\/p>\n\n\n\n<p>Ruiz Cortines<\/p>\n\n\n\n<p>Lomas de Valle Verde<\/p>\n\n\n\n<p>Villas del SolZona Centro<\/p>\n\n\n\n<p>Se recomienda a los vecinos almacenar agua suficiente para consumo y actividades b\u00e1sicas mientras duren los trabajos.<\/p>\n","protected":false},"excerpt":{"rendered":"<p>Ensenada, B.C.- Habitantes de m\u00e1s de 150 colonias de la Zona Noreste, Zona Sur y&#8230;<\/p>\n","protected":false},"author":1,"featured_media":2989133,"comment_status":"closed","ping_status":"closed","sticky":false,"template":"","format":"standard","meta":{"footnotes":""},"categories":[1],"tags":[],"class_list":["post-2989131","post","type-post","status-publish","format-standard","has-post-thumbnail","hentry","category-uncategorized"],"_links":{"self":[{"href":"https:\/\/agpnoticias.com\/news\/index.php?rest_route=\/wp\/v2\/posts\/2989131","targetHints":{"allow":["GET"]}}],"collection":[{"href":"https:\/\/agpnoticias.com\/news\/index.php?rest_route=\/wp\/v2\/posts"}],"about":[{"href":"https:\/\/agpnoticias.com\/news\/index.php?rest_route=\/wp\/v2\/types\/post"}],"author":[{"embeddable":true,"href":"https:\/\/agpnoticias.com\/news\/index.php?rest_route=\/wp\/v2\/users\/1"}],"replies":[{"embeddable":true,"href":"https:\/\/agpnoticias.com\/news\/index.php?rest_route=%2Fwp%2Fv2%2Fcomments&post=2989131"}],"version-history":[{"count":2,"href":"https:\/\/agpnoticias.com\/news\/index.php?rest_route=\/wp\/v2\/posts\/2989131\/revisions"}],"predecessor-version":[{"id":2989134,"href":"https:\/\/agpnoticias.com\/news\/index.php?rest_route=\/wp\/v2\/posts\/2989131\/revisions\/2989134"}],"wp:featuredmedia":[{"embeddable":true,"href":"https:\/\/agpnoticias.com\/news\/index.php?rest_route=\/wp\/v2\/media\/2989133"}],"wp:attachment":[{"href":"https:\/\/agpnoticias.com\/news\/index.php?rest_route=%2Fwp%2Fv2%2Fmedia&parent=2989131"}],"wp:term":[{"taxonomy":"category","embeddable":true,"href":"https:\/\/agpnoticias.com\/news\/index.php?rest_route=%2Fwp%2Fv2%2Fcategories&post=2989131"},{"taxonomy":"post_tag","embeddable":true,"href":"https:\/\/agpnoticias.com\/news\/index.php?rest_route=%2Fwp%2Fv2%2Ftags&post=2989131"}],"curies":[{"name":"wp","href":"https:\/\/api.w.org\/{rel}","templated":true}]}}