{"id":2989192,"date":"2025-10-30T09:16:00","date_gmt":"2025-10-30T16:16:00","guid":{"rendered":"https:\/\/agpnoticias.com\/news\/?p=2989192"},"modified":"2025-10-30T21:30:03","modified_gmt":"2025-10-31T04:30:03","slug":"isaac-del-toro-ya-rueda-con-la-bandera-mexicana","status":"publish","type":"post","link":"https:\/\/agpnoticias.com\/news\/?p=2989192","title":{"rendered":"Isaac del Toro ya rueda con la bandera mexicana"},"content":{"rendered":"\n<p>Isaac del Toro sali\u00f3 a rodar con su equipo, UAE Team Emirates, y ya lo hizo con la bandera de M\u00e9xico impresa en su indumentaria.<\/p>\n\n\n\n<p>Gan\u00f3 ese derecho al consumar el doblete durante el campeonato nacional contrarreloj y ruta que se disput\u00f3 en el Valle de Guadalupe, delegaci\u00f3n de su natal Ensenada, Baja California.<\/p>\n\n\n\n<p>En el evento lider\u00f3 ambas pruebas para culminar un 2025 en el que gan\u00f3 16 eventos previos, adem\u00e1s de ser sub l\u00edder del Giro de Italia.<\/p>\n\n\n\n<p>Convertido en uno de los ciclistas con mayor proyecci\u00f3n en el mundo, Isaac del Toro dej\u00f3 Ensenada hace unos d\u00edas, para reincoporarse a su equipo en Abu Dhabi.<\/p>\n\n\n\n<p>\u201c\u00a1Isaac del Toro est\u00e1 luciendo un nuevo uniforme en el UAE Team Emirates-XRG Cycling Festival Ride Along! \u00bfQu\u00e9 les parece? #WeAreUAE\u201d, public\u00f3 su equipo.<\/p>\n\n\n\n<figure class=\"wp-block-embed is-type-rich is-provider-twitter wp-block-embed-twitter\"><div class=\"wp-block-embed__wrapper\">\n<blockquote class=\"twitter-tweet\" data-width=\"550\" data-dnt=\"true\"><p lang=\"en\" dir=\"ltr\">?? <a href=\"https:\/\/twitter.com\/ISAACDELTOROx1?ref_src=twsrc%5Etfw\">@ISAACDELTOROx1<\/a> is rocking a new kit at the UAE Team Emirates-XRG Cycling Festival Ride Along ?<br><br>How do you like the look? ? <a href=\"https:\/\/twitter.com\/hashtag\/WeAreUAE?src=hash&amp;ref_src=twsrc%5Etfw\">#WeAreUAE<\/a> <a href=\"https:\/\/t.co\/wWYiBAoVOu\">pic.twitter.com\/wWYiBAoVOu<\/a><\/p>&mdash; @UAE-TeamEmirates (@TeamEmiratesUAE) <a href=\"https:\/\/twitter.com\/TeamEmiratesUAE\/status\/1983916109972557881?ref_src=twsrc%5Etfw\">October 30, 2025<\/a><\/blockquote><script async src=\"https:\/\/platform.twitter.com\/widgets.js\" charset=\"utf-8\"><\/script>\n<\/div><\/figure>\n","protected":false},"excerpt":{"rendered":"<p>Isaac del Toro sali\u00f3 a rodar con su equipo, UAE Team Emirates, y ya lo&#8230;<\/p>\n","protected":false},"author":1,"featured_media":2989194,"comment_status":"closed","ping_status":"closed","sticky":false,"template":"","format":"video","meta":{"footnotes":""},"categories":[692,1146,1151,1152],"tags":[],"class_list":["post-2989192","post","type-post","status-publish","format-video","has-post-thumbnail","hentry","category-ciclismo","category-ensenada","category-portada","category-editor-seleccion","post_format-post-format-video"],"_links":{"self":[{"href":"https:\/\/agpnoticias.com\/news\/index.php?rest_route=\/wp\/v2\/posts\/2989192","targetHints":{"allow":["GET"]}}],"collection":[{"href":"https:\/\/agpnoticias.com\/news\/index.php?rest_route=\/wp\/v2\/posts"}],"about":[{"href":"https:\/\/agpnoticias.com\/news\/index.php?rest_route=\/wp\/v2\/types\/post"}],"author":[{"embeddable":true,"href":"https:\/\/agpnoticias.com\/news\/index.php?rest_route=\/wp\/v2\/users\/1"}],"replies":[{"embeddable":true,"href":"https:\/\/agpnoticias.com\/news\/index.php?rest_route=%2Fwp%2Fv2%2Fcomments&post=2989192"}],"version-history":[{"count":3,"href":"https:\/\/agpnoticias.com\/news\/index.php?rest_route=\/wp\/v2\/posts\/2989192\/revisions"}],"predecessor-version":[{"id":2989197,"href":"https:\/\/agpnoticias.com\/news\/index.php?rest_route=\/wp\/v2\/posts\/2989192\/revisions\/2989197"}],"wp:featuredmedia":[{"embeddable":true,"href":"https:\/\/agpnoticias.com\/news\/index.php?rest_route=\/wp\/v2\/media\/2989194"}],"wp:attachment":[{"href":"https:\/\/agpnoticias.com\/news\/index.php?rest_route=%2Fwp%2Fv2%2Fmedia&parent=2989192"}],"wp:term":[{"taxonomy":"category","embeddable":true,"href":"https:\/\/agpnoticias.com\/news\/index.php?rest_route=%2Fwp%2Fv2%2Fcategories&post=2989192"},{"taxonomy":"post_tag","embeddable":true,"href":"https:\/\/agpnoticias.com\/news\/index.php?rest_route=%2Fwp%2Fv2%2Ftags&post=2989192"}],"curies":[{"name":"wp","href":"https:\/\/api.w.org\/{rel}","templated":true}]}}