{"id":2989368,"date":"2025-11-06T18:01:49","date_gmt":"2025-11-07T02:01:49","guid":{"rendered":"https:\/\/agpnoticias.com\/news\/?p=2989368"},"modified":"2025-11-06T18:01:51","modified_gmt":"2025-11-07T02:01:51","slug":"javier-aguirre-el-mexicano-en-la-lista-de-premios-the-best-promovidos-por-la-fifa","status":"publish","type":"post","link":"https:\/\/agpnoticias.com\/news\/?p=2989368","title":{"rendered":"Javier Aguirre, el mexicano en la lista de premios The Best, promovidos por la FIFA"},"content":{"rendered":"\n<p>Un panel de expertos en f\u00fatbol femenino, con representantes de la FIFA y otros grupos de inter\u00e9s del deporte rey, ha recopilado una lista de once jugadoras candidatas al Premio The Best a la Jugadora de la FIFA, una de cinco t\u00e9cnicos de f\u00fatbol femenino candidatas al Premio The Best al Entrenador de la FIFA de F\u00fatbol Femenino y otra de cinco porteras candidatas al Premio The Best a la Guardameta de la FIFA. <\/p>\n\n\n\n<p>Asimismo, un panel de expertos en f\u00fatbol masculino ha elaborado una lista equivalente de candidatos para los premios The Best al Jugador de la FIFA, The Best al Entrenador de la FIFA de F\u00fatbol Masculino y The Best al Guardameta de la FIFA.<\/p>\n\n\n\n<p>Adem\u00e1s de galardonar las categor\u00edas mencionadas, conoceremos a las jugadoras seleccionadas para el premio The Best al once femenino de la FIFA y a los jugadores seleccionados para el premio The Best al once masculino de la FIFA, as\u00ed como a la persona Premios The Best FIFA Football Awards 2025 o grupo que haya ido un paso m\u00e1s all\u00e1 para mostrar su pasi\u00f3n por el deporte, que recibir\u00e1 el premio a la Afici\u00f3n de la FIFA. \\<\/p>\n\n\n\n<p>A partir de hoy, se invita a los entrenadores y las capitanas de las selecciones femeninas de las 211 federaciones miembros de la FIFA a seleccionar a sus tres personas candidatas en las tres categor\u00edas de f\u00fatbol femenino.<\/p>\n\n\n\n<p>Asimismo, los entrenadores y capitanes de las selecciones masculinas de las 211 federaciones miembros de la FIFA tienen la oportunidad de elegir a sus tres candidatos preferidos de las tres categor\u00edas de f\u00fatbol masculino.<\/p>\n\n\n\n<p>Los miembros de la prensa (en concreto, periodistas que cubren encuentros de f\u00fatbol masculino y femenino) y los aficionados registrados en FIFA.com tambi\u00e9n podr\u00e1n emitir su voto.<\/p>\n\n\n\n<p>Cada uno de los cuatro grupos de votantes tiene el mismo peso electoral, independientemente del n\u00famero de votantes que lo integren (es decir, los votos de los entrenadores, de los capitanes, de los periodistas especializados y de los aficionados representar\u00e1n respectivamente un 25% del total, independientemente del n\u00famero de votantes en cada uno).<\/p>\n\n\n\n<p>Al igual que en ediciones anteriores, se utilizar\u00e1 una aplicaci\u00f3n de votaci\u00f3n espec\u00edfica para The Best FIFA Football Awards 2025. La votaci\u00f3n comienza hoy, 6 de noviembre, y finalizar\u00e1 a las 23:59 CET del 28 de noviembre.<\/p>\n\n\n\n<p><strong>Nominadas al Premio The Best a la Jugadora de la FIFA<br><\/strong>Sandy Baltimore, Francia y Chelsea<br>Nathalie Bjorn, Suecia y Chelsea<br>Aitana Bonmati, Espa\u00f1a y Barcelona<br>Lucy Bronce, Inglaterra y Chelsea<br>Mariona Caldentey, Espa\u00f1a y Arsenal<br>Temwa Chawinga, Malawi y Kansas City Current<br>Diani Kadidiatou, Francia y Olympique Lyonnais<br>Melchie Dumornay, Hait\u00ed y Olympique Lyonnais<br>Patri Guijarro, Espa\u00f1a y Barcelona<br>Lindsey Heaps, Estados Unidos y Olympique Lyonnais<br>Lauren James, Inglaterra y Chelsea<br>Chloe Kelly, Inglaterra y Manchester City\/Arsenal<br>Ewa Pajor, Polonia y Barcelona<br>Claudia Pi\u00f1a, Espa\u00f1a y Barcelona<br>Alexia Putellas, Espa\u00f1a y Barcelona<br>Alessia Russo, Inglaterra y Arsenal<br>Leah Williamson, Inglaterra y Arsenal<\/p>\n\n\n\n<figure class=\"wp-block-image size-full\"><img fetchpriority=\"high\" decoding=\"async\" width=\"680\" height=\"680\" src=\"https:\/\/agpnoticias.com\/news\/wp-content\/uploads\/2025\/11\/FIFA-JUGADORA.jpg\" alt=\"\" class=\"wp-image-2989372\" srcset=\"https:\/\/agpnoticias.com\/news\/wp-content\/uploads\/2025\/11\/FIFA-JUGADORA.jpg 680w, https:\/\/agpnoticias.com\/news\/wp-content\/uploads\/2025\/11\/FIFA-JUGADORA-400x400.jpg 400w, https:\/\/agpnoticias.com\/news\/wp-content\/uploads\/2025\/11\/FIFA-JUGADORA-300x300.jpg 300w\" sizes=\"(max-width: 680px) 100vw, 680px\" \/><\/figure>\n\n\n\n<p><strong>Nominados al Premio The Best al Jugador de la FIFA<br><\/strong>Ousmane Demb\u00e9l\u00e9, Francia y Par\u00eds Saint-Germain<br>Achraf Hakimi, Marruecos y Par\u00eds Saint-Germain<br>Harry Kane, Inglaterra y FC Bayern M\u00fcnchen<br>Kylian Mbapp\u00e9, Francia y Real Madrid<br>Nu\u00f1o Mendes, Portugal y Par\u00eds Saint-Germain<br>Cole Palmer, Inglaterra y Chelsea<br>Pedri, Espa\u00f1a y Barcelona<br>Raphinha, Brasil y Barcelona<br>Mohamed Salah, Egipto y Liverpool<br>Vitinha, Portugal y Par\u00eds Saint-Germain<br>Lamine Yamal, Espa\u00f1a y Barcelona<\/p>\n\n\n\n<figure class=\"wp-block-image size-full\"><img fetchpriority=\"high\" decoding=\"async\" width=\"680\" height=\"680\" src=\"https:\/\/agpnoticias.com\/news\/wp-content\/uploads\/2025\/11\/FIFA-JUGADORA.jpg\" alt=\"\" class=\"wp-image-2989372\" srcset=\"https:\/\/agpnoticias.com\/news\/wp-content\/uploads\/2025\/11\/FIFA-JUGADORA.jpg 680w, https:\/\/agpnoticias.com\/news\/wp-content\/uploads\/2025\/11\/FIFA-JUGADORA-400x400.jpg 400w, https:\/\/agpnoticias.com\/news\/wp-content\/uploads\/2025\/11\/FIFA-JUGADORA-300x300.jpg 300w\" sizes=\"(max-width: 680px) 100vw, 680px\" \/><\/figure>\n\n\n\n<p><strong>Personas nominadas al Premio The Best al Entrenador de la FIFA de F\u00fatbol Femenino<br><\/strong>Sonia Bompastor, Chelsea<br>Jonatan Gir\u00e1ldez, Washington Spirit\/Olympique Lyonnais<br>Seb Hines, Orgullo de Orlando<br>Ren\u00e9e Slegers, Arsenal<br>Sarina Wiegman, Inglaterra<\/p>\n\n\n\n<figure class=\"wp-block-image size-full\"><img decoding=\"async\" width=\"680\" height=\"680\" src=\"https:\/\/agpnoticias.com\/news\/wp-content\/uploads\/2025\/11\/FIFA-DTS-FEM.jpg\" alt=\"\" class=\"wp-image-2989369\" srcset=\"https:\/\/agpnoticias.com\/news\/wp-content\/uploads\/2025\/11\/FIFA-DTS-FEM.jpg 680w, https:\/\/agpnoticias.com\/news\/wp-content\/uploads\/2025\/11\/FIFA-DTS-FEM-400x400.jpg 400w, https:\/\/agpnoticias.com\/news\/wp-content\/uploads\/2025\/11\/FIFA-DTS-FEM-300x300.jpg 300w\" sizes=\"(max-width: 680px) 100vw, 680px\" \/><\/figure>\n\n\n\n<p><strong>Nominados al Premio The Best al Entrenador de la FIFA de F\u00fatbol Masculino<br><\/strong>Javier Aguirre, M\u00e9xico<br>Mikel Arteta, Arsenal<br>Luis Enrique, Par\u00eds Saint Germain<br>Hansi Flick, Barcelona<br>Enzo Maresca, Chelsea<br>Roberto Mart\u00ednez, Portugal<br>Arne Slot, Liverpool<\/p>\n\n\n\n<figure class=\"wp-block-image size-full\"><img decoding=\"async\" width=\"800\" height=\"800\" src=\"https:\/\/agpnoticias.com\/news\/wp-content\/uploads\/2025\/11\/DTS.jpeg\" alt=\"\" class=\"wp-image-2989375\" srcset=\"https:\/\/agpnoticias.com\/news\/wp-content\/uploads\/2025\/11\/DTS.jpeg 800w, https:\/\/agpnoticias.com\/news\/wp-content\/uploads\/2025\/11\/DTS-400x400.jpeg 400w, https:\/\/agpnoticias.com\/news\/wp-content\/uploads\/2025\/11\/DTS-300x300.jpeg 300w\" sizes=\"(max-width: 800px) 100vw, 800px\" \/><\/figure>\n\n\n\n<p><strong>Nominadas al Premio The Best a la Guardameta de la FIFA<br><\/strong>Ann-Katrin Berger, Alemania y Gotham FC<br>Cata Coll, Espa\u00f1a y Barcelona<br>Christiane Endler, Chile y Olympique Lyonnais<br>Hannah Hampton, Inglaterra y Chelsea<br>Anna Moorhouse, Inglaterra y Orlando Pride<br>Chiamaka Nnadozie, Nigeria y Paris FC\/Brighton &amp; Hove Albion<br>Phallon Tullis-Joyce, Estados Unidos y Manchester United<\/p>\n\n\n\n<figure class=\"wp-block-image size-full\"><img loading=\"lazy\" decoding=\"async\" width=\"680\" height=\"680\" src=\"https:\/\/agpnoticias.com\/news\/wp-content\/uploads\/2025\/11\/FIFA-PORTERAS.jpg\" alt=\"\" class=\"wp-image-2989374\" srcset=\"https:\/\/agpnoticias.com\/news\/wp-content\/uploads\/2025\/11\/FIFA-PORTERAS.jpg 680w, https:\/\/agpnoticias.com\/news\/wp-content\/uploads\/2025\/11\/FIFA-PORTERAS-400x400.jpg 400w, https:\/\/agpnoticias.com\/news\/wp-content\/uploads\/2025\/11\/FIFA-PORTERAS-300x300.jpg 300w\" sizes=\"(max-width: 680px) 100vw, 680px\" \/><\/figure>\n\n\n\n<p><strong>Nominados al Premio The Best al Guardameta de la FIFA<br><\/strong>Alisson Becker, Brasil y Liverpool<br>Thibaut Courtois, B\u00e9lgica y Real Madrid<br>Gianluigi Donnarumma, Italia y Par\u00eds Saint-Germain\/Manchester City<br>Emiliano Mart\u00ednez, Argentina y Aston Villa<br>Manuel Neuer, Alemania y FC Bayern M\u00fcnchen<br>David Raya, Espa\u00f1a y Arsenal<br>Yann Sommer, Suiza e Internazionale Milano<br>Wojciech Szcz?sny, Polonia y Barcelona<\/p>\n\n\n\n<figure class=\"wp-block-image size-full\"><img loading=\"lazy\" decoding=\"async\" width=\"680\" height=\"680\" src=\"https:\/\/agpnoticias.com\/news\/wp-content\/uploads\/2025\/11\/FIFA-PORTERO.jpg\" alt=\"\" class=\"wp-image-2989373\" srcset=\"https:\/\/agpnoticias.com\/news\/wp-content\/uploads\/2025\/11\/FIFA-PORTERO.jpg 680w, https:\/\/agpnoticias.com\/news\/wp-content\/uploads\/2025\/11\/FIFA-PORTERO-400x400.jpg 400w, https:\/\/agpnoticias.com\/news\/wp-content\/uploads\/2025\/11\/FIFA-PORTERO-300x300.jpg 300w\" sizes=\"(max-width: 680px) 100vw, 680px\" \/><\/figure>\n\n\n\n<p><strong>Nominados al Premio a la Afici\u00f3n de la FIFA<br><\/strong>Alejandro Ciganotto (ARG)<br>Manolo el del Bombo (ESP) (p\u00f3stumo)<br>Aficionados de Zakho (IRQ)<\/p>\n\n\n\n<p><em>Informaci\u00f3n: FIFA.<\/em><\/p>\n","protected":false},"excerpt":{"rendered":"<p>Un panel de expertos en f\u00fatbol femenino, con representantes de la FIFA y otros grupos&#8230;<\/p>\n","protected":false},"author":1,"featured_media":2989370,"comment_status":"closed","ping_status":"closed","sticky":false,"template":"","format":"standard","meta":{"footnotes":""},"categories":[32,1144,1151,1149],"tags":[],"class_list":["post-2989368","post","type-post","status-publish","format-standard","has-post-thumbnail","hentry","category-soccer","category-futbol-internacional","category-portada","category-seleccion-mexicana-2"],"_links":{"self":[{"href":"https:\/\/agpnoticias.com\/news\/index.php?rest_route=\/wp\/v2\/posts\/2989368","targetHints":{"allow":["GET"]}}],"collection":[{"href":"https:\/\/agpnoticias.com\/news\/index.php?rest_route=\/wp\/v2\/posts"}],"about":[{"href":"https:\/\/agpnoticias.com\/news\/index.php?rest_route=\/wp\/v2\/types\/post"}],"author":[{"embeddable":true,"href":"https:\/\/agpnoticias.com\/news\/index.php?rest_route=\/wp\/v2\/users\/1"}],"replies":[{"embeddable":true,"href":"https:\/\/agpnoticias.com\/news\/index.php?rest_route=%2Fwp%2Fv2%2Fcomments&post=2989368"}],"version-history":[{"count":1,"href":"https:\/\/agpnoticias.com\/news\/index.php?rest_route=\/wp\/v2\/posts\/2989368\/revisions"}],"predecessor-version":[{"id":2989376,"href":"https:\/\/agpnoticias.com\/news\/index.php?rest_route=\/wp\/v2\/posts\/2989368\/revisions\/2989376"}],"wp:featuredmedia":[{"embeddable":true,"href":"https:\/\/agpnoticias.com\/news\/index.php?rest_route=\/wp\/v2\/media\/2989370"}],"wp:attachment":[{"href":"https:\/\/agpnoticias.com\/news\/index.php?rest_route=%2Fwp%2Fv2%2Fmedia&parent=2989368"}],"wp:term":[{"taxonomy":"category","embeddable":true,"href":"https:\/\/agpnoticias.com\/news\/index.php?rest_route=%2Fwp%2Fv2%2Fcategories&post=2989368"},{"taxonomy":"post_tag","embeddable":true,"href":"https:\/\/agpnoticias.com\/news\/index.php?rest_route=%2Fwp%2Fv2%2Ftags&post=2989368"}],"curies":[{"name":"wp","href":"https:\/\/api.w.org\/{rel}","templated":true}]}}