{"id":2989478,"date":"2025-11-10T14:33:13","date_gmt":"2025-11-10T22:33:13","guid":{"rendered":"https:\/\/agpnoticias.com\/news\/?p=2989478"},"modified":"2025-11-10T14:33:15","modified_gmt":"2025-11-10T22:33:15","slug":"como-llegamos-hasta-aqui-aj-preller-al-manager-que-eligio-para-guiar-a-los-padres-craig-stammen","status":"publish","type":"post","link":"https:\/\/agpnoticias.com\/news\/?p=2989478","title":{"rendered":"\u201c\u00bfC\u00f3mo llegamos hasta aqu\u00ed?\u201d: AJ Preller al manager que eligi\u00f3 para guiar a los Padres, Craig Stammen"},"content":{"rendered":"\n<p>San Diego, California.- Momentos despu\u00e9s de que Craig Stammen fuera presentado como m\u00e1nager de los Padres de San Diego el lunes, el gerente general AJ Preller se dirigi\u00f3 al ex relevista y le dijo con humor: \u201c\u00bfC\u00f3mo llegamos hasta aqu\u00ed?\u201d.<\/p>\n\n\n\n<p>Eso es algo que los aficionados de los Padres y muchos en el mundo del b\u00e9isbol se han preguntado desde el jueves, cuando los Padres anunciaron sorpresivamente que Stammen reemplazaba a Mike Shildt. Shildt se retir\u00f3 el 13 de octubre , alegando agotamiento , tras solo dos temporadas en el cargo, menos de dos semanas despu\u00e9s de que los Padres fueran eliminados en la ronda de comodines por los Cachorros de Chicago.<\/p>\n\n\n\n<p>Stammen, de 41 a\u00f1os, quien lanz\u00f3 su \u00faltimo lanzamiento en las Grandes Ligas hace apenas tres temporadas, ha estado con la organizaci\u00f3n de los Padres desde 2017. Preller consider\u00f3 que ten\u00eda suficientes cualidades y conocimiento del equipo para nombrarlo m\u00e1nager a pesar de no tener experiencia previa como entrenador o director t\u00e9cnico en ning\u00fan nivel.<\/p>\n\n\n\n<p>Stammen pas\u00f3 de ayudar a entrevistar a los candidatos al puesto a convertirse en candidato y finalmente a obtener el trabajo. Dirigir\u00e1 un equipo que ha participado en los playoffs cuatro veces en seis temporadas y que cuenta con las estrellas Fernando Tatis Jr. y Manny Machado.<\/p>\n\n\n\n<p>Se retir\u00f3 en agosto de 2023 tras confirmarse que no se recuperar\u00eda de una lesi\u00f3n de hombro sufrida durante los entrenamientos de primavera. Pas\u00f3 a ser asistente del cuerpo t\u00e9cnico de las Grandes Ligas y del departamento de operaciones de b\u00e9isbol, y coment\u00f3 que Preller le preguntaba con frecuencia si deseaba asumir m\u00e1s responsabilidades dentro de la organizaci\u00f3n, comprendiendo que Stammen compaginaba su trabajo con su vida familiar junto a su esposa, Audrey, y sus cuatro hijos peque\u00f1os en Ohio.<\/p>\n\n\n\n<p>\u201cAl principio se mostr\u00f3 muy reservado al respecto\u201d, dijo Stammen. \u201cSuperamos el proceso de entrevistas, la primera parte, y entonces me fren\u00f3 en seco y me dijo: &#8216;De verdad quiero que formes parte del proceso; quiero que pienses en ser el m\u00e1nager de los Padres&#8217;\u201d.<\/p>\n\n\n\n<p>Stammen no estaba seguro de mudarse con su familia a California. Tuvo numerosas conversaciones con su esposa y otras personas y cit\u00f3 la continua fe de Preller en \u00e9l, sin la cual \u201cprobablemente no habr\u00eda seguido ese camino con tanta determinaci\u00f3n como lo hicimos\u201d.<\/p>\n\n\n\n<p>\u201cAl final, lleg\u00f3 el momento en que dijimos que s\u00ed. Tomamos algunas decisiones familiares para que eso sucediera. Una vez que tomamos esa decisi\u00f3n, sentimos una paz y una alegr\u00eda inmensas, y se nos present\u00f3 una oportunidad a la que no pod\u00eda decir que no. Fue entonces cuando dijimos que s\u00ed y, por suerte y para mi gran fortuna, me ofrecieron el trabajo y aqu\u00ed estamos hoy, listos para lograr grandes cosas.\u201d<\/p>\n\n\n\n<p>Esta es la tercera vez que Preller contrata a un m\u00e1nager con poca o ninguna experiencia previa. Stammen es el sexto m\u00e1nager de los Padres desde 2015, sin contar a los interinos.<\/p>\n\n\n\n<p>Preller record\u00f3 lo que ha visto de Stammen desde su primera temporada con los Padres en 2017, cuando ven\u00eda de una lesi\u00f3n en el brazo y se hab\u00eda unido a San Diego como agente libre.<\/p>\n\n\n\n<p>\u201cEs un competidor de \u00e9lite, un trabajador incansable, muy preparado y un l\u00edder nato; alguien que, como lanzador, supo influir en diferentes aspectos de nuestro vestuario y conectar con distintos jugadores durante los siete u ocho a\u00f1os que estuvo aqu\u00ed en San Diego\u201d, dijo Preller.<\/p>\n\n\n\n<p>\u201cCraig tiene una perspectiva \u00fanica, un punto de vista excepcional. Form\u00f3 parte de la creaci\u00f3n de esos equipos y ha sido testigo de su evoluci\u00f3n hasta llegar a los playoffs y a los equipos que han ganado m\u00e1s de 90 partidos en los \u00faltimos dos a\u00f1os. Ha vivido momentos de gran \u00e9xito\u2026 Craig fue titular en un partido de playoffs, sin duda un hito en su carrera, y tambi\u00e9n vivi\u00f3 de cerca algunas de las decepciones de los \u00faltimos a\u00f1os, y creo que esas experiencias le ser\u00e1n muy \u00fatiles en este puesto.\u201d<\/p>\n\n\n\n<p>Stammen es conocido principalmente por abrir el decisivo Juego 3 de la Serie de Comodines de 2020 contra los Cardenales de San Luis, que en ese entonces eran dirigidos por Shildt. <\/p>\n\n\n\n<p>Lanz\u00f3 1 2\/3 entradas como el primero de los nueve lanzadores que los Padres utilizaron en la victoria por 4-0, que les asegur\u00f3 su primer triunfo en una serie de postemporada desde 1998.<\/p>\n\n\n\n<p>Stammen afirm\u00f3 que ser\u00e1 un reto, sin duda. \u00abTengo mucho que aprender\u00bb, a\u00f1adi\u00f3. Sin embargo, coment\u00f3 que mantiene una excelente relaci\u00f3n con el entrenador de lanzadores, Ruben Niebla \u2014quien fue entrevistado para el puesto de m\u00e1nager\u2014, as\u00ed como con muchos de los jugadores que alguna vez fueron sus compa\u00f1eros de equipo.<\/p>\n\n\n\n<p>\u201cUna de las ventajas de ser relevista y ver el juego desde esa perspectiva es que siempre est\u00e1s pendiente de cu\u00e1ndo se producir\u00e1n los cambios de lanzador\u201d, dijo Stammen. \u201cEspecialmente en el rol que yo ten\u00eda, ten\u00eda que estar listo desde el primer lanzamiento hasta el final del partido\u201d.<\/p>\n\n\n\n<p>Dijo que \u00e9l y Niebla ser\u00e1n \u201cuna combinaci\u00f3n letal\u201d a la hora de tomar decisiones sobre los lanzadores.<\/p>\n\n\n\n<p><em>Informaci\u00f3n: AP.<\/em><\/p>\n","protected":false},"excerpt":{"rendered":"<p>San Diego, California.- Momentos despu\u00e9s de que Craig Stammen fuera presentado como m\u00e1nager de los&#8230;<\/p>\n","protected":false},"author":1,"featured_media":2989479,"comment_status":"closed","ping_status":"closed","sticky":false,"template":"","format":"standard","meta":{"footnotes":""},"categories":[30,1142,1151,1152],"tags":[],"class_list":["post-2989478","post","type-post","status-publish","format-standard","has-post-thumbnail","hentry","category-beisbol","category-grandes-ligas","category-portada","category-editor-seleccion"],"_links":{"self":[{"href":"https:\/\/agpnoticias.com\/news\/index.php?rest_route=\/wp\/v2\/posts\/2989478","targetHints":{"allow":["GET"]}}],"collection":[{"href":"https:\/\/agpnoticias.com\/news\/index.php?rest_route=\/wp\/v2\/posts"}],"about":[{"href":"https:\/\/agpnoticias.com\/news\/index.php?rest_route=\/wp\/v2\/types\/post"}],"author":[{"embeddable":true,"href":"https:\/\/agpnoticias.com\/news\/index.php?rest_route=\/wp\/v2\/users\/1"}],"replies":[{"embeddable":true,"href":"https:\/\/agpnoticias.com\/news\/index.php?rest_route=%2Fwp%2Fv2%2Fcomments&post=2989478"}],"version-history":[{"count":1,"href":"https:\/\/agpnoticias.com\/news\/index.php?rest_route=\/wp\/v2\/posts\/2989478\/revisions"}],"predecessor-version":[{"id":2989480,"href":"https:\/\/agpnoticias.com\/news\/index.php?rest_route=\/wp\/v2\/posts\/2989478\/revisions\/2989480"}],"wp:featuredmedia":[{"embeddable":true,"href":"https:\/\/agpnoticias.com\/news\/index.php?rest_route=\/wp\/v2\/media\/2989479"}],"wp:attachment":[{"href":"https:\/\/agpnoticias.com\/news\/index.php?rest_route=%2Fwp%2Fv2%2Fmedia&parent=2989478"}],"wp:term":[{"taxonomy":"category","embeddable":true,"href":"https:\/\/agpnoticias.com\/news\/index.php?rest_route=%2Fwp%2Fv2%2Fcategories&post=2989478"},{"taxonomy":"post_tag","embeddable":true,"href":"https:\/\/agpnoticias.com\/news\/index.php?rest_route=%2Fwp%2Fv2%2Ftags&post=2989478"}],"curies":[{"name":"wp","href":"https:\/\/api.w.org\/{rel}","templated":true}]}}