{"id":2989596,"date":"2025-11-14T21:42:00","date_gmt":"2025-11-15T05:42:00","guid":{"rendered":"https:\/\/agpnoticias.com\/news\/?p=2989596"},"modified":"2025-11-15T15:44:28","modified_gmt":"2025-11-15T23:44:28","slug":"isaac-del-toro-es-reconocido-en-su-estado-premio-estatal-del-deporte-como-deportista-profesional","status":"publish","type":"post","link":"https:\/\/agpnoticias.com\/news\/?p=2989596","title":{"rendered":"Isaac del Toro es reconocido en su estado: Premio Estatal del Deporte como deportista profesional"},"content":{"rendered":"\n<p>Ensenada, Baja California.- No asisti\u00f3, pero Isaac del Toro fue ganador del Premio Estatal del Deporte en el rubro profesional.<\/p>\n\n\n\n<p>El ciclista sub l\u00edder del Giro de Italia 2025 visit\u00f3 Ensenada, su ciudad natal y sede de la entrega del premio, aunque su ausencia se debi\u00f3 a \u201cmotivos de agenda\u201d..<\/p>\n","protected":false},"excerpt":{"rendered":"<p>Ensenada, Baja California.- No asisti\u00f3, pero Isaac del Toro fue ganador del Premio Estatal del&#8230;<\/p>\n","protected":false},"author":1,"featured_media":2989597,"comment_status":"closed","ping_status":"closed","sticky":false,"template":"","format":"standard","meta":{"footnotes":""},"categories":[692,73,1151],"tags":[],"class_list":["post-2989596","post","type-post","status-publish","format-standard","has-post-thumbnail","hentry","category-ciclismo","category-deportebajacalifornia","category-portada"],"_links":{"self":[{"href":"https:\/\/agpnoticias.com\/news\/index.php?rest_route=\/wp\/v2\/posts\/2989596","targetHints":{"allow":["GET"]}}],"collection":[{"href":"https:\/\/agpnoticias.com\/news\/index.php?rest_route=\/wp\/v2\/posts"}],"about":[{"href":"https:\/\/agpnoticias.com\/news\/index.php?rest_route=\/wp\/v2\/types\/post"}],"author":[{"embeddable":true,"href":"https:\/\/agpnoticias.com\/news\/index.php?rest_route=\/wp\/v2\/users\/1"}],"replies":[{"embeddable":true,"href":"https:\/\/agpnoticias.com\/news\/index.php?rest_route=%2Fwp%2Fv2%2Fcomments&post=2989596"}],"version-history":[{"count":2,"href":"https:\/\/agpnoticias.com\/news\/index.php?rest_route=\/wp\/v2\/posts\/2989596\/revisions"}],"predecessor-version":[{"id":2989599,"href":"https:\/\/agpnoticias.com\/news\/index.php?rest_route=\/wp\/v2\/posts\/2989596\/revisions\/2989599"}],"wp:featuredmedia":[{"embeddable":true,"href":"https:\/\/agpnoticias.com\/news\/index.php?rest_route=\/wp\/v2\/media\/2989597"}],"wp:attachment":[{"href":"https:\/\/agpnoticias.com\/news\/index.php?rest_route=%2Fwp%2Fv2%2Fmedia&parent=2989596"}],"wp:term":[{"taxonomy":"category","embeddable":true,"href":"https:\/\/agpnoticias.com\/news\/index.php?rest_route=%2Fwp%2Fv2%2Fcategories&post=2989596"},{"taxonomy":"post_tag","embeddable":true,"href":"https:\/\/agpnoticias.com\/news\/index.php?rest_route=%2Fwp%2Fv2%2Ftags&post=2989596"}],"curies":[{"name":"wp","href":"https:\/\/api.w.org\/{rel}","templated":true}]}}