{"id":2989696,"date":"2025-11-18T21:17:32","date_gmt":"2025-11-19T05:17:32","guid":{"rendered":"https:\/\/agpnoticias.com\/news\/?p=2989696"},"modified":"2025-11-18T21:17:34","modified_gmt":"2025-11-19T05:17:34","slug":"pretenden-reactivar-el-salon-de-la-fama-abandonado-en-el-riviera","status":"publish","type":"post","link":"https:\/\/agpnoticias.com\/news\/?p=2989696","title":{"rendered":"Pretenden reactivar el Sal\u00f3n de la Fama, abandonado en el Riviera"},"content":{"rendered":"\n<p>Ensenada, Baja California.- Dejado a la deriva por V\u00edctor Gonz\u00e1lez, ex director de Instituto Municioal del Deporte de Ensenada (INMUDERE), la administraci\u00f3n actual, a cargo de Mar\u00eda Jes\u00fas Trujillo, anuncia la reactivaci\u00f3n del Sal\u00f3n de la Fama del Deporte de Ensenada.<\/p>\n\n\n\n<p>El espacio dado durante la gesti\u00f3n del entonces alcalde Armando Ayala, agosto de 2024, se encuentra en el Riviera del Pac\u00edfico, pero mantiene los art\u00edculos de exhibici\u00f3n proporcionados por atletas locales, sin que hasta hoy se haya conformado un grupo elector de los personajes cuyas trayectorias merezcan un lugar ah\u00ed.<\/p>\n\n\n\n<p>Inmudere inform\u00f3:<br>La Mtra. Mar\u00eda Jes\u00fas Trujillo Hern\u00e1ndez, directora general del Instituto Municipal del Deporte y Recreaci\u00f3n de Ensenada (INMUDERE), se reuni\u00f3 con la regidora Brenda Mendoza Kawanishi, presidenta de la Comisi\u00f3n del Deporte, su equipo y el Lic. Fernando Ribeiro Cham, representante de la Junta de Gobierno, para analizar y revisar el Reglamento del Sal\u00f3n de la Fama del Deporte de Ensenada.<br>Durante la mesa de trabajo se present\u00f3 una iniciativa innovadora, dise\u00f1ada para modernizar y optimizar la administraci\u00f3n del Sal\u00f3n, fortaleciendo su funcionalidad y resaltando de manera m\u00e1s integral los logros de quienes han dejado huella en el deporte ensenadense.<\/p>\n","protected":false},"excerpt":{"rendered":"<p>Ensenada, Baja California.- Dejado a la deriva por V\u00edctor Gonz\u00e1lez, ex director de Instituto Municioal&#8230;<\/p>\n","protected":false},"author":1,"featured_media":2989697,"comment_status":"closed","ping_status":"closed","sticky":false,"template":"","format":"standard","meta":{"footnotes":""},"categories":[7,1146,1152],"tags":[],"class_list":["post-2989696","post","type-post","status-publish","format-standard","has-post-thumbnail","hentry","category-deportes","category-ensenada","category-editor-seleccion"],"_links":{"self":[{"href":"https:\/\/agpnoticias.com\/news\/index.php?rest_route=\/wp\/v2\/posts\/2989696","targetHints":{"allow":["GET"]}}],"collection":[{"href":"https:\/\/agpnoticias.com\/news\/index.php?rest_route=\/wp\/v2\/posts"}],"about":[{"href":"https:\/\/agpnoticias.com\/news\/index.php?rest_route=\/wp\/v2\/types\/post"}],"author":[{"embeddable":true,"href":"https:\/\/agpnoticias.com\/news\/index.php?rest_route=\/wp\/v2\/users\/1"}],"replies":[{"embeddable":true,"href":"https:\/\/agpnoticias.com\/news\/index.php?rest_route=%2Fwp%2Fv2%2Fcomments&post=2989696"}],"version-history":[{"count":1,"href":"https:\/\/agpnoticias.com\/news\/index.php?rest_route=\/wp\/v2\/posts\/2989696\/revisions"}],"predecessor-version":[{"id":2989698,"href":"https:\/\/agpnoticias.com\/news\/index.php?rest_route=\/wp\/v2\/posts\/2989696\/revisions\/2989698"}],"wp:featuredmedia":[{"embeddable":true,"href":"https:\/\/agpnoticias.com\/news\/index.php?rest_route=\/wp\/v2\/media\/2989697"}],"wp:attachment":[{"href":"https:\/\/agpnoticias.com\/news\/index.php?rest_route=%2Fwp%2Fv2%2Fmedia&parent=2989696"}],"wp:term":[{"taxonomy":"category","embeddable":true,"href":"https:\/\/agpnoticias.com\/news\/index.php?rest_route=%2Fwp%2Fv2%2Fcategories&post=2989696"},{"taxonomy":"post_tag","embeddable":true,"href":"https:\/\/agpnoticias.com\/news\/index.php?rest_route=%2Fwp%2Fv2%2Ftags&post=2989696"}],"curies":[{"name":"wp","href":"https:\/\/api.w.org\/{rel}","templated":true}]}}