{"id":2989703,"date":"2025-11-18T07:30:00","date_gmt":"2025-11-18T15:30:00","guid":{"rendered":"https:\/\/agpnoticias.com\/news\/?p=2989703"},"modified":"2025-11-18T21:32:44","modified_gmt":"2025-11-19T05:32:44","slug":"mexico-goleado-y-eliminado-por-portugal-en-octavos-de-final-del-mundial-sub-17","status":"publish","type":"post","link":"https:\/\/agpnoticias.com\/news\/?p=2989703","title":{"rendered":"M\u00e9xico goleado y eliminado por Portugal en octavos de final del Mundial Sub 17"},"content":{"rendered":"\n<p>La Selecci\u00f3n Nacional de M\u00e9xico Sub-17 finaliz\u00f3 en Octavos de Final su participaci\u00f3n en el Mundial de la categor\u00eda, en Qatar 2025.<\/p>\n\n\n\n<p>Los dirigidos por Carlos Cari\u00f1o cerraron su actuaci\u00f3n en esta Copa del Mundo con marcador 5-0 a favor de Portugal.&nbsp;Durante el partido Jos\u00e9 Navarro y Santiago L\u00f3pez fueron expulsados al minuto 36 y 88, respectivamente.&nbsp;<\/p>\n\n\n\n<figure class=\"wp-block-embed is-type-video is-provider-youtube wp-block-embed-youtube wp-embed-aspect-16-9 wp-has-aspect-ratio\"><div class=\"wp-block-embed__wrapper\">\n<iframe title=\"Resumen y goles | M\u00e9xico vs Portugal | Mundial Sub-17 | TUDN\" width=\"640\" height=\"360\" src=\"https:\/\/www.youtube.com\/embed\/0PKh5iCCtkg?feature=oembed\" frameborder=\"0\" allow=\"accelerometer; autoplay; clipboard-write; encrypted-media; gyroscope; picture-in-picture; web-share\" referrerpolicy=\"strict-origin-when-cross-origin\" allowfullscreen><\/iframe>\n<\/div><\/figure>\n\n\n\n<p>Hacia el cierre del juego M\u00e9xico trat\u00f3 de levantarse y buscar el gol, Adri\u00e1n Villa tuvo una buena ocasi\u00f3n con un remate de media distancia que pas\u00f3 a un costado de la porter\u00eda. La anotaci\u00f3n&nbsp;para el conjunto tricolor que concluy\u00f3 su camino en Qatar 2025 no lleg\u00f3 en este encuentro.<\/p>\n","protected":false},"excerpt":{"rendered":"<p>La Selecci\u00f3n Nacional de M\u00e9xico Sub-17 finaliz\u00f3 en Octavos de Final su participaci\u00f3n en el&#8230;<\/p>\n","protected":false},"author":1,"featured_media":2989704,"comment_status":"closed","ping_status":"closed","sticky":false,"template":"","format":"video","meta":{"footnotes":""},"categories":[32,1144,1151,1149],"tags":[907],"class_list":["post-2989703","post","type-post","status-publish","format-video","has-post-thumbnail","hentry","category-soccer","category-futbol-internacional","category-portada","category-seleccion-mexicana-2","tag-tendencia","post_format-post-format-video"],"_links":{"self":[{"href":"https:\/\/agpnoticias.com\/news\/index.php?rest_route=\/wp\/v2\/posts\/2989703","targetHints":{"allow":["GET"]}}],"collection":[{"href":"https:\/\/agpnoticias.com\/news\/index.php?rest_route=\/wp\/v2\/posts"}],"about":[{"href":"https:\/\/agpnoticias.com\/news\/index.php?rest_route=\/wp\/v2\/types\/post"}],"author":[{"embeddable":true,"href":"https:\/\/agpnoticias.com\/news\/index.php?rest_route=\/wp\/v2\/users\/1"}],"replies":[{"embeddable":true,"href":"https:\/\/agpnoticias.com\/news\/index.php?rest_route=%2Fwp%2Fv2%2Fcomments&post=2989703"}],"version-history":[{"count":1,"href":"https:\/\/agpnoticias.com\/news\/index.php?rest_route=\/wp\/v2\/posts\/2989703\/revisions"}],"predecessor-version":[{"id":2989705,"href":"https:\/\/agpnoticias.com\/news\/index.php?rest_route=\/wp\/v2\/posts\/2989703\/revisions\/2989705"}],"wp:featuredmedia":[{"embeddable":true,"href":"https:\/\/agpnoticias.com\/news\/index.php?rest_route=\/wp\/v2\/media\/2989704"}],"wp:attachment":[{"href":"https:\/\/agpnoticias.com\/news\/index.php?rest_route=%2Fwp%2Fv2%2Fmedia&parent=2989703"}],"wp:term":[{"taxonomy":"category","embeddable":true,"href":"https:\/\/agpnoticias.com\/news\/index.php?rest_route=%2Fwp%2Fv2%2Fcategories&post=2989703"},{"taxonomy":"post_tag","embeddable":true,"href":"https:\/\/agpnoticias.com\/news\/index.php?rest_route=%2Fwp%2Fv2%2Ftags&post=2989703"}],"curies":[{"name":"wp","href":"https:\/\/api.w.org\/{rel}","templated":true}]}}