{"id":2990416,"date":"2025-12-18T12:25:07","date_gmt":"2025-12-18T20:25:07","guid":{"rendered":"https:\/\/agpnoticias.com\/news\/?p=2990416"},"modified":"2025-12-18T12:27:05","modified_gmt":"2025-12-18T20:27:05","slug":"banxico-culmina-el-ano-con-una-reduccion-mas-a-la-tasa-de-interes-cierra-en-7","status":"publish","type":"post","link":"https:\/\/agpnoticias.com\/news\/?p=2990416","title":{"rendered":"Banxico culmina el a\u00f1o con una reducci\u00f3n m\u00e1s a la tasa de inter\u00e9s: cierra en 7%"},"content":{"rendered":"\n<p>Ciudad de M\u00e9xico.- El\u00a0<strong>Banco de M\u00e9xico<\/strong>\u00a0anunci\u00f3 este jueves que redujo su tasa de inter\u00e9s clave en 25 puntos b\u00e1sicos para llevarla a un 7% en la \u00faltima reuni\u00f3n del a\u00f1o de\u00a0su Junta de Gobierno.\u00a0<\/p>\n\n\n\n<p>El recorte es el decimotercero desde que el banco central\u00a0inici\u00f3 un ciclo de flexibilizaci\u00f3n a inicios del 2024, cuando la tasa de inter\u00e9s estaba en 11.25%.<\/p>\n\n\n\n<p>A fines del mes pasado, la autoridad monetaria<strong>\u00a0ajust\u00f3 a la baja\u00a0su expectativa para el crecimiento de la econom\u00eda\u00a0<\/strong>del pa\u00eds en 2025 a un 0.3% desde un 0.6% previo y tambi\u00e9n baj\u00f3 la de la inflaci\u00f3n general a un 3.5% al cierre del a\u00f1o frente a un 3.7% previo.<\/p>\n\n\n\n<p>\u00abLa Junta de Gobierno juzg\u00f3 apropiado\u00a0<strong>continuar con el ciclo de disminuciones<\/strong>\u00a0de la tasa de referencia. Ello en congruencia con la valoraci\u00f3n del actual panorama inflacionario\u00bb, dice el comunicado en el que anunci\u00f3 la decisi\u00f3n<\/p>\n\n\n\n<p>La principal consideraci\u00f3n para rebajar en 25 puntos la tasa de inter\u00e9s fue el c<strong>omportamiento del tipo de cambio<\/strong>, que a este jueves se encuentra por en&nbsp;18 pesos, y los&nbsp;<strong>posibles<\/strong>&nbsp;<strong>impactos ante cambios en pol\u00edticas comerciales&nbsp;<\/strong>a nivel global.&nbsp;<\/p>\n\n\n\n<p>Esta decisi\u00f3n se tom\u00f3 de forma mayoritaria por los integrantes de la Junta de Gobierno, s\u00f3lo con el voto en contra del subgobernador&nbsp;<strong>Jonathan<\/strong>&nbsp;<strong>Heath<\/strong>, quien ha estado en desacuerdo en las \u00faltimas reuniones con mantener el ciclo a la baja.&nbsp;<\/p>\n\n\n\n<p>\u00abHacia delante, la Junta de Gobierno valorar\u00e1 el momento de realizar ajustes adicionales a la tasa de referencia\u00bb, dice el comunicado.<\/p>\n\n\n\n<p>En el comunicado,&nbsp;<strong>Banxico<\/strong>&nbsp;advirti\u00f3 que anticipa que en el cuarto trimestre de 2025 la&nbsp;<strong>actividad econ\u00f3mica se mantenga d\u00e9bil<\/strong>&nbsp;y el entorno de incertidumbre y de tensiones comerciales contin\u00faen implicando riesgos al pa\u00eds.&nbsp;<\/p>\n\n\n\n<p>Asimismo, justific\u00f3 la reducci\u00f3n de la tasa de inter\u00e9s porque la<strong>&nbsp;inflaci\u00f3n en M\u00e9xico<\/strong>&nbsp;aument\u00f3 de&nbsp;3.63 a 3.80%, y la subyacente, de 4.24 a 4.43%, principalmente por un aumento en el precio de&nbsp;las mercanc\u00edas no alimenticias.&nbsp;<\/p>\n","protected":false},"excerpt":{"rendered":"<p>Ciudad de M\u00e9xico.- El\u00a0Banco de M\u00e9xico\u00a0anunci\u00f3 este jueves que redujo su tasa de inter\u00e9s clave&#8230;<\/p>\n","protected":false},"author":1,"featured_media":2990417,"comment_status":"closed","ping_status":"closed","sticky":false,"template":"","format":"standard","meta":{"footnotes":""},"categories":[1],"tags":[],"class_list":["post-2990416","post","type-post","status-publish","format-standard","has-post-thumbnail","hentry","category-uncategorized"],"_links":{"self":[{"href":"https:\/\/agpnoticias.com\/news\/index.php?rest_route=\/wp\/v2\/posts\/2990416","targetHints":{"allow":["GET"]}}],"collection":[{"href":"https:\/\/agpnoticias.com\/news\/index.php?rest_route=\/wp\/v2\/posts"}],"about":[{"href":"https:\/\/agpnoticias.com\/news\/index.php?rest_route=\/wp\/v2\/types\/post"}],"author":[{"embeddable":true,"href":"https:\/\/agpnoticias.com\/news\/index.php?rest_route=\/wp\/v2\/users\/1"}],"replies":[{"embeddable":true,"href":"https:\/\/agpnoticias.com\/news\/index.php?rest_route=%2Fwp%2Fv2%2Fcomments&post=2990416"}],"version-history":[{"count":1,"href":"https:\/\/agpnoticias.com\/news\/index.php?rest_route=\/wp\/v2\/posts\/2990416\/revisions"}],"predecessor-version":[{"id":2990418,"href":"https:\/\/agpnoticias.com\/news\/index.php?rest_route=\/wp\/v2\/posts\/2990416\/revisions\/2990418"}],"wp:featuredmedia":[{"embeddable":true,"href":"https:\/\/agpnoticias.com\/news\/index.php?rest_route=\/wp\/v2\/media\/2990417"}],"wp:attachment":[{"href":"https:\/\/agpnoticias.com\/news\/index.php?rest_route=%2Fwp%2Fv2%2Fmedia&parent=2990416"}],"wp:term":[{"taxonomy":"category","embeddable":true,"href":"https:\/\/agpnoticias.com\/news\/index.php?rest_route=%2Fwp%2Fv2%2Fcategories&post=2990416"},{"taxonomy":"post_tag","embeddable":true,"href":"https:\/\/agpnoticias.com\/news\/index.php?rest_route=%2Fwp%2Fv2%2Ftags&post=2990416"}],"curies":[{"name":"wp","href":"https:\/\/api.w.org\/{rel}","templated":true}]}}