{"id":2990425,"date":"2025-12-18T19:16:29","date_gmt":"2025-12-19T03:16:29","guid":{"rendered":"https:\/\/agpnoticias.com\/news\/?p=2990425"},"modified":"2025-12-18T19:16:31","modified_gmt":"2025-12-19T03:16:31","slug":"la-serie-del-caribe-sera-en-guadalajara-con-dos-representantes-de-mexico","status":"publish","type":"post","link":"https:\/\/agpnoticias.com\/news\/?p=2990425","title":{"rendered":"La Serie del Caribe ser\u00e1 en Guadalajara, con dos representantes de M\u00e9xico"},"content":{"rendered":"\n<p>Guadalajara, Jalisco.- Ante la negativa de M\u00e9xico, Puerto Rico y Rep\u00fablica Dominicana en el sentido de asistir a la justa programada en Venezuela a partir del 1 de febrero, la Confederaci\u00f3n de Beisbol Profesional del Caribe inform\u00f3 el cambio de escenario de la Serie del Caribe 2026.<\/p>\n\n\n\n<p>M\u00e9xico contar\u00e1 con dos representantes (camp\u00e9on y sub campe\u00f3n de la Liga Mexicana del Pac\u00edfico) frente a la eventual ausencia de Venezuela. Tambi\u00e9n asistir\u00e1n Puerto Rico, Rep\u00fablica Dominicana y Panam\u00e1, de acuerdo a lo informado por David Escobar, presidente ejecutivo de la LMP.<\/p>\n\n\n\n<p>El estadio Panamericano de los Charros de Jalisco ser\u00e1 casa del evento que en 2025 se realiz\u00f3 en Mexicali.<\/p>\n","protected":false},"excerpt":{"rendered":"<p>Guadalajara, Jalisco.- Ante la negativa de M\u00e9xico, Puerto Rico y Rep\u00fablica Dominicana en el sentido&#8230;<\/p>\n","protected":false},"author":1,"featured_media":2990426,"comment_status":"closed","ping_status":"closed","sticky":false,"template":"","format":"standard","meta":{"footnotes":""},"categories":[30,1151],"tags":[],"class_list":["post-2990425","post","type-post","status-publish","format-standard","has-post-thumbnail","hentry","category-beisbol","category-portada"],"_links":{"self":[{"href":"https:\/\/agpnoticias.com\/news\/index.php?rest_route=\/wp\/v2\/posts\/2990425","targetHints":{"allow":["GET"]}}],"collection":[{"href":"https:\/\/agpnoticias.com\/news\/index.php?rest_route=\/wp\/v2\/posts"}],"about":[{"href":"https:\/\/agpnoticias.com\/news\/index.php?rest_route=\/wp\/v2\/types\/post"}],"author":[{"embeddable":true,"href":"https:\/\/agpnoticias.com\/news\/index.php?rest_route=\/wp\/v2\/users\/1"}],"replies":[{"embeddable":true,"href":"https:\/\/agpnoticias.com\/news\/index.php?rest_route=%2Fwp%2Fv2%2Fcomments&post=2990425"}],"version-history":[{"count":1,"href":"https:\/\/agpnoticias.com\/news\/index.php?rest_route=\/wp\/v2\/posts\/2990425\/revisions"}],"predecessor-version":[{"id":2990427,"href":"https:\/\/agpnoticias.com\/news\/index.php?rest_route=\/wp\/v2\/posts\/2990425\/revisions\/2990427"}],"wp:featuredmedia":[{"embeddable":true,"href":"https:\/\/agpnoticias.com\/news\/index.php?rest_route=\/wp\/v2\/media\/2990426"}],"wp:attachment":[{"href":"https:\/\/agpnoticias.com\/news\/index.php?rest_route=%2Fwp%2Fv2%2Fmedia&parent=2990425"}],"wp:term":[{"taxonomy":"category","embeddable":true,"href":"https:\/\/agpnoticias.com\/news\/index.php?rest_route=%2Fwp%2Fv2%2Fcategories&post=2990425"},{"taxonomy":"post_tag","embeddable":true,"href":"https:\/\/agpnoticias.com\/news\/index.php?rest_route=%2Fwp%2Fv2%2Ftags&post=2990425"}],"curies":[{"name":"wp","href":"https:\/\/api.w.org\/{rel}","templated":true}]}}