{"id":2990704,"date":"2025-12-31T09:18:58","date_gmt":"2025-12-31T17:18:58","guid":{"rendered":"https:\/\/agpnoticias.com\/news\/?p=2990704"},"modified":"2026-01-01T18:30:47","modified_gmt":"2026-01-02T02:30:47","slug":"los-huracanes-de-la-paz-sentencian-que-el-2026-sera-suyo-en-la-lnm-trabajaran-con-diablos-rojos","status":"publish","type":"post","link":"https:\/\/agpnoticias.com\/news\/?p=2990704","title":{"rendered":"Los Huracanes de La Paz sentencian que el 2026 ser\u00e1 suyo en la LNM; trabajar\u00e1n con Diablos Rojos"},"content":{"rendered":"\n<p>La Paz, Baja California Sur (PRENSA Baja Series).- El 2026 est\u00e1 por iniciar con un nuevo cap\u00edtulo para el b\u00e9isbol Profesional de Baja California Sur.<\/p>\n\n\n\n<p>El calendario anuncia una \u201ctemporada de fuertes vientos\u201d y La Paz ser\u00e1 el ojo del poderoso meteoro deportivo que pegar\u00e1 con fuerza en la Liga Norte de M\u00e9xico (LNM).<\/p>\n\n\n\n<p>Huracanes de La Paz se presentar\u00e1 para su campa\u00f1a debut en el Estadio Arturo C. Nahl, donde buscar\u00e1 convertirse en uno de los equipos protagonistas del circuito que agrupar\u00e1 a otras seis peligrosas escuadras.<\/p>\n\n\n\n<p>Luis Romero, presidente de la franquicia capitalina, adelant\u00f3 que toda la informaci\u00f3n relevante de la temporada 2026 se dar\u00e1 a conocer en rueda de prensa que se desarrollar\u00e1 el lunes 19 de enero 2026 en La Paz.<\/p>\n\n\n\n<p>\u201cTendremos reuni\u00f3n con los medios de comunicaci\u00f3n, autoridades deportivas y patrocinadores para informar acerca de todos los datos relevantes de lo que ser\u00e1 el trabajo previo a nuestra temporada 2026\u201d, coment\u00f3 Romero Roch\u00edn en entrevista. \u201cNos acompa\u00f1ar\u00e1 \u00c1lvaro Sol\u00eds, presidente de la Liga Norte de M\u00e9xico y tambi\u00e9n estar\u00e1n directivos de Diablos Rojos del M\u00e9xico, uno de los equipos con el que cerramos convenio de colaboraci\u00f3n deportiva\u201d.<\/p>\n\n\n\n<p>El directivo agreg\u00f3 que en la cita con los medios se presentar\u00e1n los uniformes que ser\u00e1n la piel con la que Huracanes de La Paz invadir\u00e1 el terreno de juego.<\/p>\n\n\n\n<p>\u201cEse d\u00eda presentaremos los uniformes del equipo, informaremos de los tryouts en diferentes puntos de la pen\u00ednsula para el talento local, as\u00ed como el calendario oficial de juegos, las fechas de inicio para la venta de abonos y tambi\u00e9n podr\u00edamos estar anunciando a nuestros primeros jugadores contratados\u201d, mencion\u00f3.<\/p>\n\n\n\n<p>Otro tema que quedar\u00e1 resuelto ser\u00e1 la confirmaci\u00f3n de fechas de arranque de trabajos de pretemporada, llegada de jugadores y juegos de preparaci\u00f3n.<\/p>\n\n\n\n<p>Huracanes de La Paz competir\u00e1 en la campa\u00f1a 2026 de LNM junto a las escuadras de Barbanegras de Tijuana, Bucaneros de Los Cabos, Marineros de Ensenada, Vaqueros de Maneadero, Algodoneros de San Luis R\u00edo Colorado y Tiburones de Puerto Pe\u00f1asco.<\/p>\n\n\n\n<p>La campa\u00f1a regular iniciar\u00e1 el jueves 23 de abril, en el Coloso de la Cinco de Mayo.<\/p>\n","protected":false},"excerpt":{"rendered":"<p>La Paz, Baja California Sur (PRENSA Baja Series).- El 2026 est\u00e1 por iniciar con un&#8230;<\/p>\n","protected":false},"author":1,"featured_media":2990705,"comment_status":"closed","ping_status":"closed","sticky":false,"template":"","format":"standard","meta":{"footnotes":""},"categories":[30,18,1151],"tags":[907],"class_list":["post-2990704","post","type-post","status-publish","format-standard","has-post-thumbnail","hentry","category-beisbol","category-marineros-de-ensenada","category-portada","tag-tendencia"],"_links":{"self":[{"href":"https:\/\/agpnoticias.com\/news\/index.php?rest_route=\/wp\/v2\/posts\/2990704","targetHints":{"allow":["GET"]}}],"collection":[{"href":"https:\/\/agpnoticias.com\/news\/index.php?rest_route=\/wp\/v2\/posts"}],"about":[{"href":"https:\/\/agpnoticias.com\/news\/index.php?rest_route=\/wp\/v2\/types\/post"}],"author":[{"embeddable":true,"href":"https:\/\/agpnoticias.com\/news\/index.php?rest_route=\/wp\/v2\/users\/1"}],"replies":[{"embeddable":true,"href":"https:\/\/agpnoticias.com\/news\/index.php?rest_route=%2Fwp%2Fv2%2Fcomments&post=2990704"}],"version-history":[{"count":1,"href":"https:\/\/agpnoticias.com\/news\/index.php?rest_route=\/wp\/v2\/posts\/2990704\/revisions"}],"predecessor-version":[{"id":2990706,"href":"https:\/\/agpnoticias.com\/news\/index.php?rest_route=\/wp\/v2\/posts\/2990704\/revisions\/2990706"}],"wp:featuredmedia":[{"embeddable":true,"href":"https:\/\/agpnoticias.com\/news\/index.php?rest_route=\/wp\/v2\/media\/2990705"}],"wp:attachment":[{"href":"https:\/\/agpnoticias.com\/news\/index.php?rest_route=%2Fwp%2Fv2%2Fmedia&parent=2990704"}],"wp:term":[{"taxonomy":"category","embeddable":true,"href":"https:\/\/agpnoticias.com\/news\/index.php?rest_route=%2Fwp%2Fv2%2Fcategories&post=2990704"},{"taxonomy":"post_tag","embeddable":true,"href":"https:\/\/agpnoticias.com\/news\/index.php?rest_route=%2Fwp%2Fv2%2Ftags&post=2990704"}],"curies":[{"name":"wp","href":"https:\/\/api.w.org\/{rel}","templated":true}]}}