{"id":2990762,"date":"2026-01-03T00:46:19","date_gmt":"2026-01-03T08:46:19","guid":{"rendered":"https:\/\/agpnoticias.com\/news\/?p=2990762"},"modified":"2026-01-03T00:46:21","modified_gmt":"2026-01-03T08:46:21","slug":"venezuela-denuncia-agresion-militar-de-ee-uu-y-decreta-estado-de-conmocion-exterior","status":"publish","type":"post","link":"https:\/\/agpnoticias.com\/news\/?p=2990762","title":{"rendered":"Venezuela denuncia agresi\u00f3n militar de EE. UU. y decreta Estado de Conmoci\u00f3n Exterior"},"content":{"rendered":"\n<p>Caracas, Venezuela.- <strong>Venezuela<\/strong>\u00a0denunci\u00f3 este s\u00e1bado una \u201cgrav\u00edsima agresi\u00f3n militar\u201d por parte del Gobierno de los Estados Unidos contra territorio y poblaci\u00f3n civil en la capital,\u00a0<strong>Caracas<\/strong>, y los estados\u00a0<strong>Miranda, Aragua y La Guaira.<\/strong><\/p>\n\n\n\n<p><strong>Venezuela<\/strong>\u00a0denunci\u00f3 este s\u00e1bado una \u201cgrav\u00edsima agresi\u00f3n militar\u201d por parte del Gobierno de los Estados Unidos contra territorio y poblaci\u00f3n civil en la capital,\u00a0<strong>Caracas<\/strong>, y los estados\u00a0<strong>Miranda, Aragua y La Guaira.<\/strong><\/p>\n\n\n\n<p>A trav\u00e9s de un comunicado oficial, el Ejecutivo venezolano calific\u00f3 la acci\u00f3n como una violaci\u00f3n flagrante de la Carta de las Naciones Unidas, espec\u00edficamente de los principios de soberan\u00eda y prohibici\u00f3n del uso de la fuerza. El documento se\u00f1ala que el objetivo de la incursi\u00f3n armada es el control de los recursos estrat\u00e9gicos del pa\u00eds, como el petr\u00f3leo y los minerales, mediante la imposici\u00f3n de un \u201ccambio de r\u00e9gimen\u201d.<\/p>\n\n\n\n<p>El intento de imponer una guerra colonial para destruir la forma republicana de gobierno\u2026 fracasar\u00e1 como todos los intentos anteriores\u201d, dicta el comunicado.<\/p>\n\n\n\n<p>Como respuesta inmediata a la situaci\u00f3n, el Gobierno Bolivariano ha activado las siguientes medidas:<\/p>\n\n\n\n<p>-Estado de Conmoci\u00f3n Exterior: Activado para proteger los derechos de la poblaci\u00f3n y el funcionamiento de las instituciones, autorizando el paso inmediato a la \u201clucha armada\u201d para la defensa del pa\u00eds.<\/p>\n\n\n\n<p>-Fusi\u00f3n Popular-Militar-Policial: Despliegue de la Fuerza Armada Nacional Bolivariana (FANB) y activaci\u00f3n de los planes de movilizaci\u00f3n de las fuerzas sociales.<\/p>\n\n\n\n<p>Defensa Integral: Activaci\u00f3n del Comando para la Defensa Integral de la Naci\u00f3n y sus \u00f3rganos de direcci\u00f3n en todos los estados y municipios.<\/p>\n\n\n\n<p>En el \u00e1mbito internacional, la denominada Diplomacia Bolivariana de Paz anunci\u00f3 que elevar\u00e1 denuncias formales ante el Consejo de Seguridad de la ONU, la CELAC y el Movimiento de Pa\u00edses No Alineados (MNOAL). El Gobierno venezolano invoc\u00f3 el Art\u00edculo 51 de la Carta de las Naciones Unidas, el cual establece el derecho a la leg\u00edtima defensa frente a un ataque armado.<\/p>\n\n\n\n<p>El comunicado hace un llamado al esp\u00edritu hist\u00f3rico del pa\u00eds, citando la resistencia contra el bloqueo naval de 1902 y evocando las figuras de Sim\u00f3n Bol\u00edvar y Hugo Ch\u00e1vez. \u201cAnte cualquier circunstancia de nuevas dificultades\u2026 la respuesta es unidad, lucha, batalla y victoria\u201d, concluye el texto citando al fallecido mandatario.<\/p>\n\n\n\n<p>El Gobierno ha instado a la comunidad internacional, especialmente a los pueblos de Am\u00e9rica Latina y el Caribe, a manifestar su solidaridad ante lo que consideran una amenaza directa a la paz y estabilidad de la regi\u00f3n.<\/p>\n\n\n\n<p><br><br><br><\/p>\n","protected":false},"excerpt":{"rendered":"<p>Caracas, Venezuela.- Venezuela\u00a0denunci\u00f3 este s\u00e1bado una \u201cgrav\u00edsima agresi\u00f3n militar\u201d por parte del Gobierno de los&#8230;<\/p>\n","protected":false},"author":1,"featured_media":2990763,"comment_status":"closed","ping_status":"closed","sticky":false,"template":"","format":"standard","meta":{"footnotes":""},"categories":[1],"tags":[],"class_list":["post-2990762","post","type-post","status-publish","format-standard","has-post-thumbnail","hentry","category-uncategorized"],"_links":{"self":[{"href":"https:\/\/agpnoticias.com\/news\/index.php?rest_route=\/wp\/v2\/posts\/2990762","targetHints":{"allow":["GET"]}}],"collection":[{"href":"https:\/\/agpnoticias.com\/news\/index.php?rest_route=\/wp\/v2\/posts"}],"about":[{"href":"https:\/\/agpnoticias.com\/news\/index.php?rest_route=\/wp\/v2\/types\/post"}],"author":[{"embeddable":true,"href":"https:\/\/agpnoticias.com\/news\/index.php?rest_route=\/wp\/v2\/users\/1"}],"replies":[{"embeddable":true,"href":"https:\/\/agpnoticias.com\/news\/index.php?rest_route=%2Fwp%2Fv2%2Fcomments&post=2990762"}],"version-history":[{"count":1,"href":"https:\/\/agpnoticias.com\/news\/index.php?rest_route=\/wp\/v2\/posts\/2990762\/revisions"}],"predecessor-version":[{"id":2990764,"href":"https:\/\/agpnoticias.com\/news\/index.php?rest_route=\/wp\/v2\/posts\/2990762\/revisions\/2990764"}],"wp:featuredmedia":[{"embeddable":true,"href":"https:\/\/agpnoticias.com\/news\/index.php?rest_route=\/wp\/v2\/media\/2990763"}],"wp:attachment":[{"href":"https:\/\/agpnoticias.com\/news\/index.php?rest_route=%2Fwp%2Fv2%2Fmedia&parent=2990762"}],"wp:term":[{"taxonomy":"category","embeddable":true,"href":"https:\/\/agpnoticias.com\/news\/index.php?rest_route=%2Fwp%2Fv2%2Fcategories&post=2990762"},{"taxonomy":"post_tag","embeddable":true,"href":"https:\/\/agpnoticias.com\/news\/index.php?rest_route=%2Fwp%2Fv2%2Ftags&post=2990762"}],"curies":[{"name":"wp","href":"https:\/\/api.w.org\/{rel}","templated":true}]}}