{"id":2991012,"date":"2026-01-09T18:00:00","date_gmt":"2026-01-10T02:00:00","guid":{"rendered":"https:\/\/agpnoticias.com\/news\/?p=2991012"},"modified":"2026-01-10T21:44:59","modified_gmt":"2026-01-11T05:44:59","slug":"el-san-diego-fc-ya-no-quiere-al-chucky-lozano","status":"publish","type":"post","link":"https:\/\/agpnoticias.com\/news\/?p=2991012","title":{"rendered":"El San Diego FC ya no quiere al Chucky Lozano"},"content":{"rendered":"\n<p>San Diego, California.- Mientras el San Diego FC se prepara para su segunda temporada en la MLS, su primer Jugador Designado est\u00e1 de salida.<\/p>\n\n\n\n<p>El delantero internacional mexicano Hirving \u201cChucky\u201d Lozano no est\u00e1 en los planes del club para la campa\u00f1a 2026, seg\u00fan el director deportivo y gerente general Tyler Heaps.<\/p>\n\n\n\n<p>\u201cLe hemos comunicado a Hirving y sus representantes que no ser\u00e1 parte de los planes deportivos en el futuro\u00bb, dijo Heaps el viernes mientras San Diego comienza el campamento de entrenamiento.<\/p>\n\n\n\n<p>\u201cEsa no fue una decisi\u00f3n tomada a la ligera. Se habl\u00f3 desde los due\u00f1os hasta la directiva, incluyendo a m\u00ed y a [el entrenador principal] Mikey [Varas], y se comunic\u00f3 al resto del grupo\u201d.<\/p>\n\n\n\n<p>Lozano se uni\u00f3 a San Diego en junio de 2024, firmando un precontrato con el equipo de la Eredivisie PSV Eindhoven por un monto reportado de 12 millones de d\u00f3lares.<\/p>\n\n\n\n<figure class=\"wp-block-embed is-type-rich is-provider-twitter wp-block-embed-twitter\"><div class=\"wp-block-embed__wrapper\">\n<blockquote class=\"twitter-tweet\" data-width=\"550\" data-dnt=\"true\"><p lang=\"en\" dir=\"ltr\">San Diego FC head coach Mikey Varas on the breaking news that Mexican international Hirving \u201cChucky\u201d Lozano is OUT. <a href=\"https:\/\/t.co\/TunriF4F8V\">pic.twitter.com\/TunriF4F8V<\/a><\/p>&mdash; SanDiego.Futbol (@SanDiego_Futbol) <a href=\"https:\/\/twitter.com\/SanDiego_Futbol\/status\/2009716880819531922?ref_src=twsrc%5Etfw\">January 9, 2026<\/a><\/blockquote><script async src=\"https:\/\/platform.twitter.com\/widgets.js\" charset=\"utf-8\"><\/script>\n<\/div><\/figure>\n\n\n\n<p>Fue el segundo m\u00e1ximo anotador de San Diego, con 11 goles y 11 asistencias en 34 partidos en todas las competiciones. Esto ayud\u00f3 a los reci\u00e9n llegados a establecer r\u00e9cords de puntos (63) y victorias (19) durante su hist\u00f3rica temporada de expansi\u00f3n.<\/p>\n\n\n\n<p>Sin embargo, Lozano fue suspendido para el \u00faltimo partido de la temporada regular de San Diego y su debut en los Playoffs de la Copa Audi MLS (ambos contra los Portland Timbers ) por motivos disciplinarios del equipo. Anot\u00f3 durante su regreso, en el segundo partido contra Portland en la primera ronda de la serie al mejor de 3, as\u00ed como en la derrota del SDFC en la final de la Conferencia Oeste ante el Vancouver Whitecaps FC .<\/p>\n\n\n\n<p>\u201cRealmente valoramos las contribuciones de Hirving y lo que pudo aportar el a\u00f1o pasado\u201d, dijo Heaps, \u201cpero a medida que avanzaba la temporada, tanto por el estilo de juego como por el entorno, sentimos que lo mejor para ambas partes es encontrar una nueva soluci\u00f3n\u201d.<\/p>\n\n\n\n<p>El extremo de 30 a\u00f1os y All-Star de la MLS 2025 estuvo entre los jugadores mejor pagados de la MLS el a\u00f1o pasado, seg\u00fan informaci\u00f3n de la Asociaci\u00f3n de Jugadores , con m\u00e1s de $7,6 millones en compensaci\u00f3n garantizada.<\/p>\n\n\n\n<p>\u201cTodos lo respetamos por el jugador que es\u201d, dijo Varas. \u201cAl final, simplemente no encaja, y cuando no encaja, no es culpa de nadie\u201d.<\/p>\n\n\n\n<p>Se trata de asegurarnos de prepararlo lo mejor posible para que llegue al Mundial de 2026, porque queremos lo mejor para \u00e9l. Y lo m\u00e1s importante, esto es lo que creemos que es mejor para el equipo, a corto y a largo plazo.<\/p>\n\n\n\n<figure class=\"wp-block-embed is-type-rich is-provider-twitter wp-block-embed-twitter\"><div class=\"wp-block-embed__wrapper\">\n<blockquote class=\"twitter-tweet\" data-width=\"550\" data-dnt=\"true\"><p lang=\"en\" dir=\"ltr\">BREAKING NEWS:<br><br>Sporting Director Tyler Heaps told us this morning that Hirving \u201cChucky\u201d Lozano is not in the sporting plans moving forward with the team.<br><br>The Mexican national is currently being shipped around, no loan spell or sale being confirmed at the moment. <a href=\"https:\/\/t.co\/63EDaPtzZb\">pic.twitter.com\/63EDaPtzZb<\/a><\/p>&mdash; SanDiego.Futbol (@SanDiego_Futbol) <a href=\"https:\/\/twitter.com\/SanDiego_Futbol\/status\/2009726035626229926?ref_src=twsrc%5Etfw\">January 9, 2026<\/a><\/blockquote><script async src=\"https:\/\/platform.twitter.com\/widgets.js\" charset=\"utf-8\"><\/script>\n<\/div><\/figure>\n\n\n\n<p><strong>Segunda temporada<br><\/strong>Si Lozano se marcha formalmente, San Diego tendr\u00eda flexibilidad en el plantel de DP y Anders Dreyer pasar\u00eda a ser el centro de atenci\u00f3n a\u00fan m\u00e1s.<\/p>\n\n\n\n<p>El internacional dan\u00e9s fue nombrado Novato del A\u00f1o 2025 de la MLS y termin\u00f3 segundo en la votaci\u00f3n al Jugador M\u00e1s Valioso de la MLS Landon Donovan, detr\u00e1s de la superestrella del Inter Miami CF, Lionel Messi , despu\u00e9s de producir 38 contribuciones de gol (19g\/19a) en la temporada regular.<\/p>\n\n\n\n<p>San Diego jugar\u00e1 los primeros partidos competitivos del calendario 2026 de la MLS, recibiendo a Pumas UNAM el 3 de febrero para la Etapa 1 de la primera ronda de la Copa de Campeones de la Concacaf antes de visitar al equipo de la LIGA MX el 10 de febrero para la Etapa 2.<\/p>\n\n\n\n<p>La campa\u00f1a del club en la MLS comienza el 21 de febrero contra el CF Montr\u00e9al (10:30 pm ET | Pase de temporada de la MLS ).<\/p>\n\n\n\n<p>\u201cNadie es m\u00e1s grande que el club, nadie es m\u00e1s grande que la ciudad. Eso me incluye a m\u00ed\u201d, dijo Varas.<\/p>\n\n\n\n<p>Lo que puedo decir es lo que siempre he dicho: Estamos aqu\u00ed para ganar. Pero c\u00f3mo ganamos y con qui\u00e9n ganamos importa. Tomamos una decisi\u00f3n que abarca a todo el club, desde la directiva hasta la directiva. Todos estamos de acuerdo. Esta es la mejor decisi\u00f3n para nosotros a corto y largo plazo.<\/p>\n\n\n\n<p><em>Informaci\u00f3n: MLS.<\/em><\/p>\n","protected":false},"excerpt":{"rendered":"<p>San Diego, California.- Mientras el San Diego FC se prepara para su segunda temporada en&#8230;<\/p>\n","protected":false},"author":1,"featured_media":2991016,"comment_status":"closed","ping_status":"closed","sticky":false,"template":"","format":"video","meta":{"footnotes":""},"categories":[32,1144,1151],"tags":[907],"class_list":["post-2991012","post","type-post","status-publish","format-video","has-post-thumbnail","hentry","category-soccer","category-futbol-internacional","category-portada","tag-tendencia","post_format-post-format-video"],"_links":{"self":[{"href":"https:\/\/agpnoticias.com\/news\/index.php?rest_route=\/wp\/v2\/posts\/2991012","targetHints":{"allow":["GET"]}}],"collection":[{"href":"https:\/\/agpnoticias.com\/news\/index.php?rest_route=\/wp\/v2\/posts"}],"about":[{"href":"https:\/\/agpnoticias.com\/news\/index.php?rest_route=\/wp\/v2\/types\/post"}],"author":[{"embeddable":true,"href":"https:\/\/agpnoticias.com\/news\/index.php?rest_route=\/wp\/v2\/users\/1"}],"replies":[{"embeddable":true,"href":"https:\/\/agpnoticias.com\/news\/index.php?rest_route=%2Fwp%2Fv2%2Fcomments&post=2991012"}],"version-history":[{"count":3,"href":"https:\/\/agpnoticias.com\/news\/index.php?rest_route=\/wp\/v2\/posts\/2991012\/revisions"}],"predecessor-version":[{"id":2991021,"href":"https:\/\/agpnoticias.com\/news\/index.php?rest_route=\/wp\/v2\/posts\/2991012\/revisions\/2991021"}],"wp:featuredmedia":[{"embeddable":true,"href":"https:\/\/agpnoticias.com\/news\/index.php?rest_route=\/wp\/v2\/media\/2991016"}],"wp:attachment":[{"href":"https:\/\/agpnoticias.com\/news\/index.php?rest_route=%2Fwp%2Fv2%2Fmedia&parent=2991012"}],"wp:term":[{"taxonomy":"category","embeddable":true,"href":"https:\/\/agpnoticias.com\/news\/index.php?rest_route=%2Fwp%2Fv2%2Fcategories&post=2991012"},{"taxonomy":"post_tag","embeddable":true,"href":"https:\/\/agpnoticias.com\/news\/index.php?rest_route=%2Fwp%2Fv2%2Ftags&post=2991012"}],"curies":[{"name":"wp","href":"https:\/\/api.w.org\/{rel}","templated":true}]}}