{"id":2991022,"date":"2026-01-10T10:55:05","date_gmt":"2026-01-10T18:55:05","guid":{"rendered":"https:\/\/agpnoticias.com\/news\/?p=2991022"},"modified":"2026-01-10T21:43:17","modified_gmt":"2026-01-11T05:43:17","slug":"ya-me-tienen-hinchadas-las-pelotas-el-mensaje-del-loco-abreu-al-america-tras-el-empate-a-cero","status":"publish","type":"post","link":"https:\/\/agpnoticias.com\/news\/?p=2991022","title":{"rendered":"\u201cYa me tienen hinchadas las pelotas\u201d, el mensaje del Loco Abreu al Am\u00e9rica tras el empate a cero"},"content":{"rendered":"\n<p>Tijuana, Baja California.- Sebasti\u00e1n Abreu reaccion\u00f3 a las inconformidades de los t\u00e9cnicos que visitan el Estadio Caliente, debido a su superficie sint\u00e9tica.<\/p>\n\n\n\n<p>Al final del juego de la fecha uno del torneo Clausura 2026, el entrenador de los Xolos consider\u00f3 que \u201ca partir de la fecha cuatro\u201d ya se ver\u00e1 un equipo en ritmo, luego de la pausa decembrina.<\/p>\n\n\n\n<p>En cuanto a las llegadas de Ignacio Rivero y Josef Mart\u00ednez, se\u00f1al\u00f3 que llegan para aportar a un plantel cuya base permanece del torneo previo cuando el equipo lleg\u00f3 a cuartos de final.<\/p>\n\n\n\n<p>\u201cNo podemos creernos m\u00e1s de lo que somos: barrio y tierra\u201d, dijo. \u201cYa nos sacamos a uno de los pesos pesados\u201d, agreg\u00f3 sobre el punto ante Am\u00e9rica.\u00a0<\/p>\n\n\n\n<p>Tambi\u00e9n rescat\u00f3 los 13 juegos que como local, los Xolos tienen invictos desde que \u00e9l asumi\u00f3 la direcci\u00f3n t\u00e9cnica.<\/p>\n\n\n\n<figure class=\"wp-block-embed is-type-video is-provider-youtube wp-block-embed-youtube wp-embed-aspect-16-9 wp-has-aspect-ratio\"><div class=\"wp-block-embed__wrapper\">\n<iframe title=\"\u201cYa me tienen hinchadas las pelotas\u201d, el mensaje del Loco Abreu al Am\u00e9rica, tras el empate a cero\" width=\"640\" height=\"360\" src=\"https:\/\/www.youtube.com\/embed\/2ppiHkDG8Zs?feature=oembed\" frameborder=\"0\" allow=\"accelerometer; autoplay; clipboard-write; encrypted-media; gyroscope; picture-in-picture; web-share\" referrerpolicy=\"strict-origin-when-cross-origin\" allowfullscreen><\/iframe>\n<\/div><\/figure>\n","protected":false},"excerpt":{"rendered":"<p>Tijuana, Baja California.- Sebasti\u00e1n Abreu reaccion\u00f3 a las inconformidades de los t\u00e9cnicos que visitan el&#8230;<\/p>\n","protected":false},"author":1,"featured_media":2991024,"comment_status":"closed","ping_status":"closed","sticky":false,"template":"","format":"video","meta":{"footnotes":""},"categories":[32,1081,1151,17],"tags":[907],"class_list":["post-2991022","post","type-post","status-publish","format-video","has-post-thumbnail","hentry","category-soccer","category-liga-mx","category-portada","category-xolos-de-tijuana","tag-tendencia","post_format-post-format-video"],"_links":{"self":[{"href":"https:\/\/agpnoticias.com\/news\/index.php?rest_route=\/wp\/v2\/posts\/2991022","targetHints":{"allow":["GET"]}}],"collection":[{"href":"https:\/\/agpnoticias.com\/news\/index.php?rest_route=\/wp\/v2\/posts"}],"about":[{"href":"https:\/\/agpnoticias.com\/news\/index.php?rest_route=\/wp\/v2\/types\/post"}],"author":[{"embeddable":true,"href":"https:\/\/agpnoticias.com\/news\/index.php?rest_route=\/wp\/v2\/users\/1"}],"replies":[{"embeddable":true,"href":"https:\/\/agpnoticias.com\/news\/index.php?rest_route=%2Fwp%2Fv2%2Fcomments&post=2991022"}],"version-history":[{"count":2,"href":"https:\/\/agpnoticias.com\/news\/index.php?rest_route=\/wp\/v2\/posts\/2991022\/revisions"}],"predecessor-version":[{"id":2991025,"href":"https:\/\/agpnoticias.com\/news\/index.php?rest_route=\/wp\/v2\/posts\/2991022\/revisions\/2991025"}],"wp:featuredmedia":[{"embeddable":true,"href":"https:\/\/agpnoticias.com\/news\/index.php?rest_route=\/wp\/v2\/media\/2991024"}],"wp:attachment":[{"href":"https:\/\/agpnoticias.com\/news\/index.php?rest_route=%2Fwp%2Fv2%2Fmedia&parent=2991022"}],"wp:term":[{"taxonomy":"category","embeddable":true,"href":"https:\/\/agpnoticias.com\/news\/index.php?rest_route=%2Fwp%2Fv2%2Fcategories&post=2991022"},{"taxonomy":"post_tag","embeddable":true,"href":"https:\/\/agpnoticias.com\/news\/index.php?rest_route=%2Fwp%2Fv2%2Ftags&post=2991022"}],"curies":[{"name":"wp","href":"https:\/\/api.w.org\/{rel}","templated":true}]}}