{"id":2991394,"date":"2026-01-20T15:56:11","date_gmt":"2026-01-20T23:56:11","guid":{"rendered":"https:\/\/agpnoticias.com\/news\/?p=2991394"},"modified":"2026-01-20T23:56:16","modified_gmt":"2026-01-21T07:56:16","slug":"el-arsenal-sigue-su-paso-perfecto-en-la-champions-tras-su-victoria-sobre-el-inter-en-milan","status":"publish","type":"post","link":"https:\/\/agpnoticias.com\/news\/?p=2991394","title":{"rendered":"El Arsenal sigue su paso perfecto en la Champions tras su victoria sobre el Inter en Mil\u00e1n"},"content":{"rendered":"\n<p>Mil\u00e1n, Italia.- Gabriel Jesus ya est\u00e1 en su mejor forma apenas un mes despu\u00e9s de regresar de una larga ausencia por lesi\u00f3n.<\/p>\n\n\n\n<p>El delantero del Arsenal fue apenas su tercera titularidad esta temporada y anot\u00f3 dos veces en una primera mitad din\u00e1mica para poner a su equipo en camino a una victoria por 3-1 ante el Inter de Mil\u00e1n en la Liga de Campeones el martes.<\/p>\n\n\n\n<p>Jes\u00fas, que fue nombrado jugador del partido en San Siro, estuvo fuera casi un a\u00f1o despu\u00e9s de romperse el ligamento cruzado anterior en enero pasado.<\/p>\n\n\n\n<p>\u201cEs una noche de ensue\u00f1o. Siempre so\u00f1\u00e9 con ser futbolista\u201d, dijo Jes\u00fas a Amazon Prime. \u201cDe ni\u00f1o ve\u00eda mucha Serie A, as\u00ed que estar aqu\u00ed en este estadio y marcar aqu\u00ed me hace llorar porque siempre so\u00f1\u00e9 con estar aqu\u00ed.<\/p>\n\n\n\n<p>Siempre hay una raz\u00f3n por la que las cosas suceden, ya sean buenas o malas. Lo aprend\u00ed durante mis 11 meses fuera del campo.<\/p>\n\n\n\n<p>Jes\u00fas regres\u00f3 en diciembre, pero desde entonces ha hecho principalmente apariciones como suplente; sus \u00fanicas apariciones como titular antes del martes fueron en competiciones de copa nacionales.<\/p>\n\n\n\n<p>Sin embargo, el entrenador del Arsenal, Mikel Arteta, nombr\u00f3 al brasile\u00f1o en la alineaci\u00f3n titular en San Siro en lugar de Viktor Gy\u00f6keres, quien ha tenido problemas para adaptarse desde su costoso traspaso del Sporting de Lisboa en el verano.<\/p>\n\n\n\n<p>\u201cTodos quieren ser titulares\u201d, a\u00f1adi\u00f3 Jes\u00fas. \u201cSoy un chico muy respetuoso. Ya no soy un ni\u00f1o, tengo 28 a\u00f1os, as\u00ed que entiendo de f\u00fatbol\u201d.<\/p>\n\n\n\n<figure class=\"wp-block-embed is-type-video is-provider-youtube wp-block-embed-youtube wp-embed-aspect-16-9 wp-has-aspect-ratio\"><div class=\"wp-block-embed__wrapper\">\n<iframe title=\"RESUMEN: INTER 1-3 ARSENAL | JORNADA 7 | FASE DE LIGA | UEFA CHAMPIONS LEAGUE\" width=\"640\" height=\"360\" src=\"https:\/\/www.youtube.com\/embed\/m3P7_MCJ4Jg?feature=oembed\" frameborder=\"0\" allow=\"accelerometer; autoplay; clipboard-write; encrypted-media; gyroscope; picture-in-picture; web-share\" referrerpolicy=\"strict-origin-when-cross-origin\" allowfullscreen><\/iframe>\n<\/div><\/figure>\n\n\n\n<p>Estoy muy contento de que Vik haya entrado y marcado un gol. Estoy muy contento de haber marcado y de que Vik haya marcado.<\/p>\n\n\n\n<p>Jes\u00fas puso al Arsenal en ventaja en el minuto 10 con un remate instintivo al estirar la pierna y detener un disparo desviado de Jurrien Timber.<\/p>\n\n\n\n<p>Fue su primer gol en la Liga de Campeones en m\u00e1s de dos a\u00f1os, desde que marc\u00f3 en un partido de grupo contra el Lens en noviembre de 2023.<\/p>\n\n\n\n<p>El Inter empat\u00f3 ocho minutos m\u00e1s tarde por medio de Petar Sucic, pero Jes\u00fas estuvo de nuevo en el lugar adecuado en el momento justo para poner de nuevo al Arsenal por delante en el minuto 31.<\/p>\n\n\n\n<p>Bukayo Saka lanz\u00f3 un c\u00f3rner desde la derecha al segundo palo, donde Leandro Trossard cabece\u00f3 hacia atr\u00e1s para que Jesus rematara de cabeza.<\/p>\n\n\n\n<p>Gy\u00f6keres entr\u00f3 en el campo de Jesus en el 75 y marc\u00f3 el tercero del Arsenal, nueve minutos despu\u00e9s.<\/p>\n\n\n\n<p>\u00abEsto es genial, hemos extra\u00f1ado mucho a Gabby\u00bb, dijo Arteta. \u00abVa a aumentar su confianza y la del equipo, porque ahora tenemos perfiles diferentes en esa posici\u00f3n\u00bb.<\/p>\n\n\n\n<p>\u201cY el hecho de que esos jugadores est\u00e9n jugando a ese nivel \u2014V\u00edctor llega y tambi\u00e9n tuvo un gran impacto en el juego\u2014 solo nos hace mejores y eso es lo que buscamos\u201d.<\/p>\n\n\n\n<p>La victoria asegur\u00f3 al Arsenal, l\u00edder de la tabla, un lugar en la fase eliminatoria de la Liga de Campeones y tambi\u00e9n le permiti\u00f3 ganar siete partidos europeos seguidos por primera vez en su historia.<\/p>\n\n\n\n<p>El Arsenal nunca ha ganado la Liga de Campeones, aunque lleg\u00f3 a la final en 2006, perdiendo ante el Barcelona.<\/p>\n\n\n\n<p>El equipo de Arteta tambi\u00e9n encabeza la Premier League, con una ventaja de siete puntos, y recibe al Manchester United el domingo.<\/p>\n\n\n\n<p><em>Informaci\u00f3n: AP.<\/em><\/p>\n","protected":false},"excerpt":{"rendered":"<p>Mil\u00e1n, Italia.- Gabriel Jesus ya est\u00e1 en su mejor forma apenas un mes despu\u00e9s de&#8230;<\/p>\n","protected":false},"author":1,"featured_media":2991395,"comment_status":"closed","ping_status":"closed","sticky":false,"template":"","format":"video","meta":{"footnotes":""},"categories":[32,1144,1151],"tags":[907],"class_list":["post-2991394","post","type-post","status-publish","format-video","has-post-thumbnail","hentry","category-soccer","category-futbol-internacional","category-portada","tag-tendencia","post_format-post-format-video"],"_links":{"self":[{"href":"https:\/\/agpnoticias.com\/news\/index.php?rest_route=\/wp\/v2\/posts\/2991394","targetHints":{"allow":["GET"]}}],"collection":[{"href":"https:\/\/agpnoticias.com\/news\/index.php?rest_route=\/wp\/v2\/posts"}],"about":[{"href":"https:\/\/agpnoticias.com\/news\/index.php?rest_route=\/wp\/v2\/types\/post"}],"author":[{"embeddable":true,"href":"https:\/\/agpnoticias.com\/news\/index.php?rest_route=\/wp\/v2\/users\/1"}],"replies":[{"embeddable":true,"href":"https:\/\/agpnoticias.com\/news\/index.php?rest_route=%2Fwp%2Fv2%2Fcomments&post=2991394"}],"version-history":[{"count":1,"href":"https:\/\/agpnoticias.com\/news\/index.php?rest_route=\/wp\/v2\/posts\/2991394\/revisions"}],"predecessor-version":[{"id":2991396,"href":"https:\/\/agpnoticias.com\/news\/index.php?rest_route=\/wp\/v2\/posts\/2991394\/revisions\/2991396"}],"wp:featuredmedia":[{"embeddable":true,"href":"https:\/\/agpnoticias.com\/news\/index.php?rest_route=\/wp\/v2\/media\/2991395"}],"wp:attachment":[{"href":"https:\/\/agpnoticias.com\/news\/index.php?rest_route=%2Fwp%2Fv2%2Fmedia&parent=2991394"}],"wp:term":[{"taxonomy":"category","embeddable":true,"href":"https:\/\/agpnoticias.com\/news\/index.php?rest_route=%2Fwp%2Fv2%2Fcategories&post=2991394"},{"taxonomy":"post_tag","embeddable":true,"href":"https:\/\/agpnoticias.com\/news\/index.php?rest_route=%2Fwp%2Fv2%2Ftags&post=2991394"}],"curies":[{"name":"wp","href":"https:\/\/api.w.org\/{rel}","templated":true}]}}