{"id":2991427,"date":"2026-01-21T12:07:57","date_gmt":"2026-01-21T20:07:57","guid":{"rendered":"https:\/\/agpnoticias.com\/news\/?p=2991427"},"modified":"2026-01-21T12:07:59","modified_gmt":"2026-01-21T20:07:59","slug":"la-entrega-de-37-presos-a-ee-uu-fue-una-decision-soberana-destaca-sheinbaum","status":"publish","type":"post","link":"https:\/\/agpnoticias.com\/news\/?p=2991427","title":{"rendered":"La entrega de 37 presos a EE.UU. fue una \u201cdecisi\u00f3n soberana\u201d, destaca Sheinbaum"},"content":{"rendered":"\n<p>Ciudad de M\u00e9xico.- La presidenta\u00a0\u00a0Claudia Sheinbaum\u00a0asegur\u00f3 este mi\u00e9rcoles que la entrega de 37 presos relacionados con grupos criminales al Gobierno de Estados Unidos fue una \u201cdecisi\u00f3n soberana\u201d y neg\u00f3 que se haya negociado durante su llamada la semana pasada con el mandatario Donald Trump.<\/p>\n\n\n\n<blockquote class=\"wp-block-quote is-layout-flow wp-block-quote-is-layout-flow\">\n<p>\u201cFue a solicitud del Departamento de Justicia de los Estados Unidos. Que es muy importante, aclarar la decisi\u00f3n que se toma en el Consejo Nacional de Seguridad, se analiza, y es una decisi\u00f3n que es, lo primero, conveniencia para M\u00e9xico, aunque pidan lo que tengan que pedir. Es una decisi\u00f3n soberana\u201d, subray\u00f3 la mandataria.<\/p>\n<\/blockquote>\n\n\n\n<p>El Gobierno de M\u00e9xico anunci\u00f3 el traslado a Estados Unidos de 37 presos de varios centros penitenciarios considerados \u201cuna amenaza real para la seguridad\u201d y que eran requeridos por v\u00ednculos con organizaciones criminales, lo que represent\u00f3 la tercera entrega de este tipo bajo la gesti\u00f3n de Sheinbaum.<\/p>\n\n\n\n<figure class=\"wp-block-image size-full\"><img fetchpriority=\"high\" decoding=\"async\" width=\"679\" height=\"419\" src=\"https:\/\/agpnoticias.com\/news\/wp-content\/uploads\/2026\/01\/image.jpg\" alt=\"\" class=\"wp-image-2991428\"\/><\/figure>\n\n\n\n<p>Entre las personas trasladadas hay l\u00edderes regionales de los carteles del Noreste, de los Beltr\u00e1n Leyva y del Jalisco Nueva Generaci\u00f3n.<\/p>\n\n\n\n<p>Sheinbaum destac\u00f3 que el traslado de los presuntos criminales respondi\u00f3 a criterios de seguridad nacional y seguridad p\u00fablica.<\/p>\n\n\n\n<blockquote class=\"wp-block-quote is-layout-flow wp-block-quote-is-layout-flow\">\n<p>\u201cEs importante para el pa\u00eds en t\u00e9rminos de su seguridad nacional, en t\u00e9rminos de la seguridad p\u00fablica. Es decir, se pone primero a M\u00e9xico por encima de todo, aunque pidan lo que tengan que pedir\u201d, sostuvo.<\/p>\n<\/blockquote>\n\n\n\n<p>La presidenta rechaz\u00f3 que la medida obedeciera a presiones externas o a un intento por \u201cquedar bien\u201d con Washington.<\/p>\n\n\n\n<figure class=\"wp-block-image size-large\"><img decoding=\"async\" width=\"810\" height=\"800\" src=\"https:\/\/agpnoticias.com\/news\/wp-content\/uploads\/2026\/01\/image-1-810x800.jpg\" alt=\"\" class=\"wp-image-2991429\"\/><\/figure>\n\n\n\n<blockquote class=\"wp-block-quote is-layout-flow wp-block-quote-is-layout-flow\">\n<p>\u201cEs una decisi\u00f3n soberana. Y se analiza a partir de las consideraciones de la pol\u00edtica de seguridad, de la pol\u00edtica de seguridad nacional, de protecci\u00f3n de la soberan\u00eda, etc\u00e9tera\u201d, afirm\u00f3.<\/p>\n<\/blockquote>\n\n\n\n<p>Indic\u00f3 que cada caso se revis\u00f3 de manera individual antes de autorizar la entrega.<\/p>\n\n\n\n<figure class=\"wp-block-image size-large\"><img decoding=\"async\" width=\"810\" height=\"800\" src=\"https:\/\/agpnoticias.com\/news\/wp-content\/uploads\/2026\/01\/image-2-810x800.jpg\" alt=\"\" class=\"wp-image-2991430\"\/><\/figure>\n\n\n\n<blockquote class=\"wp-block-quote is-layout-flow wp-block-quote-is-layout-flow\">\n<p>\u201cAh\u00ed se analiza cada uno de los casos. Y una vez que se toma la decisi\u00f3n, pues entonces se hace el env\u00edo\u201d, explic\u00f3, al tiempo que precis\u00f3 que \u201cla mayor\u00eda, muchos de ellos\u201d eran \u201cextraditables\u201d.<\/p>\n<\/blockquote>\n\n\n\n<p>Sheinbaum asever\u00f3 que, si bien existe una relaci\u00f3n de colaboraci\u00f3n y coordinaci\u00f3n con Estados Unidos en materia de seguridad, la decisi\u00f3n final corresponde al Estado mexicano.<\/p>\n\n\n\n<blockquote class=\"wp-block-quote is-layout-flow wp-block-quote-is-layout-flow\">\n<p>\u201cLa decisi\u00f3n se toma a partir de las consideraciones soberanas en M\u00e9xico\u201d, recalc\u00f3.<\/p>\n<\/blockquote>\n\n\n\n<p>Esta fue la tercera entrega de este tipo bajo el Gobierno de Sheinbaum, quien asumi\u00f3 el cargo en octubre de 2024, despu\u00e9s de las dos realizadas en 2025 en medio de las crecientes presiones por parte de Trump, quien ha insistido en que M\u00e9xico no hace lo suficiente para combatir a los carteles del narcotr\u00e1fico.<\/p>\n\n\n\n<p>Hace una semana, Trump reiter\u00f3 su amenaza de ataques terrestres con organizaciones del crimen organizado en M\u00e9xico, algo que rechaz\u00f3 de manera contundente Sheinbaum en una llamada entre ambos l\u00edderes.<\/p>\n","protected":false},"excerpt":{"rendered":"<p>Ciudad de M\u00e9xico.- La presidenta\u00a0\u00a0Claudia Sheinbaum\u00a0asegur\u00f3 este mi\u00e9rcoles que la entrega de 37 presos relacionados&#8230;<\/p>\n","protected":false},"author":1,"featured_media":2991431,"comment_status":"closed","ping_status":"closed","sticky":false,"template":"","format":"standard","meta":{"footnotes":""},"categories":[1],"tags":[],"class_list":["post-2991427","post","type-post","status-publish","format-standard","has-post-thumbnail","hentry","category-uncategorized"],"_links":{"self":[{"href":"https:\/\/agpnoticias.com\/news\/index.php?rest_route=\/wp\/v2\/posts\/2991427","targetHints":{"allow":["GET"]}}],"collection":[{"href":"https:\/\/agpnoticias.com\/news\/index.php?rest_route=\/wp\/v2\/posts"}],"about":[{"href":"https:\/\/agpnoticias.com\/news\/index.php?rest_route=\/wp\/v2\/types\/post"}],"author":[{"embeddable":true,"href":"https:\/\/agpnoticias.com\/news\/index.php?rest_route=\/wp\/v2\/users\/1"}],"replies":[{"embeddable":true,"href":"https:\/\/agpnoticias.com\/news\/index.php?rest_route=%2Fwp%2Fv2%2Fcomments&post=2991427"}],"version-history":[{"count":1,"href":"https:\/\/agpnoticias.com\/news\/index.php?rest_route=\/wp\/v2\/posts\/2991427\/revisions"}],"predecessor-version":[{"id":2991432,"href":"https:\/\/agpnoticias.com\/news\/index.php?rest_route=\/wp\/v2\/posts\/2991427\/revisions\/2991432"}],"wp:featuredmedia":[{"embeddable":true,"href":"https:\/\/agpnoticias.com\/news\/index.php?rest_route=\/wp\/v2\/media\/2991431"}],"wp:attachment":[{"href":"https:\/\/agpnoticias.com\/news\/index.php?rest_route=%2Fwp%2Fv2%2Fmedia&parent=2991427"}],"wp:term":[{"taxonomy":"category","embeddable":true,"href":"https:\/\/agpnoticias.com\/news\/index.php?rest_route=%2Fwp%2Fv2%2Fcategories&post=2991427"},{"taxonomy":"post_tag","embeddable":true,"href":"https:\/\/agpnoticias.com\/news\/index.php?rest_route=%2Fwp%2Fv2%2Ftags&post=2991427"}],"curies":[{"name":"wp","href":"https:\/\/api.w.org\/{rel}","templated":true}]}}