{"id":2991490,"date":"2026-01-22T11:01:05","date_gmt":"2026-01-22T19:01:05","guid":{"rendered":"https:\/\/agpnoticias.com\/news\/?p=2991490"},"modified":"2026-01-22T11:01:17","modified_gmt":"2026-01-22T19:01:17","slug":"agentes-de-ice-detienen-a-nino-de-cinco-anos-en-minneapolis-van-cuatro-menores-en-los-ultimos-dias","status":"publish","type":"post","link":"https:\/\/agpnoticias.com\/news\/?p=2991490","title":{"rendered":"Agentes de ICE detienen a ni\u00f1o de cinco a\u00f1os en Minneapolis; van cuatro menores en los \u00faltimos d\u00edas"},"content":{"rendered":"\n<p>\u00a0Estados Unidos.- Al menos cuatro estudiantes del distrito escolar de Columbia Heights, en el norte de\u00a0<strong>Minneapolis<\/strong>, incluido un ni\u00f1o de cinco\u00a0a\u00f1os de edad y una ni\u00f1a de 10 a\u00f1os de edad, fueron detenidos en las \u00faltimas dos semanas por agentes de Migraci\u00f3n y Control de Aduanas (<strong>ICE<\/strong>, por sus siglas en ingl\u00e9s), de acuerdo con informaci\u00f3n recopilada\u00a0por autoridades locales.<\/p>\n\n\n\n<p>La superintendenta del distrito, Zena Stenvik, inform\u00f3 en una rueda de prensa que el&nbsp;<strong>menor fue arrestado&nbsp;<\/strong>junto con su padre en la entrada de su vivienda tras regresar del preescolar.https:\/\/5c3f7e990490c9f8f79a97c55d91dd5e.safeframe.googlesyndication.com\/safeframe\/1-0-45\/html\/container.html?n=0<\/p>\n\n\n\n<p>Stenvik indic\u00f3 que los agentes han recorrido vecindarios, rodeado escuelas, seguido autobuses y detenido a<strong>\u00a0estudiantes<\/strong>\u00a0en distintos momentos del d\u00eda, generando miedo y preocupaci\u00f3n entre las familias y el personal docente.<\/p>\n\n\n\n<p>Entre los detenidos tambi\u00e9n figuran un<strong>&nbsp;estudiante de secundaria&nbsp;<\/strong>de 17 a\u00f1os de edad arrestado mientras se dirig\u00eda&nbsp;a la escuela, una m\u00e1s de la misma edad detenida junto con su madre la semana pasada y una alumna de 10 a\u00f1os de edad arrestada mientras caminaba a la escuela con su madre hace dos semanas.<\/p>\n\n\n\n<p>Las familias de los menores tienen casos de asilo activos y ninguna contaba con&nbsp;<strong>orden de deportaci\u00f3n.<\/strong><\/p>\n\n\n\n<p>Las<strong>&nbsp;autoridades migratorias&nbsp;<\/strong>no se han pronunciado sobre estas detenciones, pero&nbsp;un d\u00eda antes de que se hicieran p\u00fablicas el jefe de la Patrulla Fronteriza, Gregg Bovino, asegur\u00f3 a la prensa que&nbsp;<strong>ICE no abandonar\u00e1 Minneapolis<\/strong>&nbsp;pese a la ola de rechazo manifestada en reiteradas protestas, justificando su estad\u00eda diciendo que se centran en detener a personas con documentaci\u00f3n irregular y con antecedentes de criminalidad.<\/p>\n\n\n\n<p>Despu\u00e9s de que&nbsp;<strong>Renee Good<\/strong>, una mujer estadounidense de 37 a\u00f1os de edad, muriera a consecuencia de disparos de un agente migratorio a principios de enero, las tensiones entre la administraci\u00f3n del presidente, Donald Trump, y el gobernador dem\u00f3crata de Minnesota, Tim Walz, se han intensificado llegando a denuncias mutuas en distintos tribunales, discutiendo entre los excesos de los agentes federales o la intervenci\u00f3n de las autoridades locales a sus operativos.<\/p>\n","protected":false},"excerpt":{"rendered":"<p>\u00a0Estados Unidos.- Al menos cuatro estudiantes del distrito escolar de Columbia Heights, en el norte&#8230;<\/p>\n","protected":false},"author":1,"featured_media":2991491,"comment_status":"closed","ping_status":"closed","sticky":false,"template":"","format":"standard","meta":{"footnotes":""},"categories":[1],"tags":[],"class_list":["post-2991490","post","type-post","status-publish","format-standard","has-post-thumbnail","hentry","category-uncategorized"],"_links":{"self":[{"href":"https:\/\/agpnoticias.com\/news\/index.php?rest_route=\/wp\/v2\/posts\/2991490","targetHints":{"allow":["GET"]}}],"collection":[{"href":"https:\/\/agpnoticias.com\/news\/index.php?rest_route=\/wp\/v2\/posts"}],"about":[{"href":"https:\/\/agpnoticias.com\/news\/index.php?rest_route=\/wp\/v2\/types\/post"}],"author":[{"embeddable":true,"href":"https:\/\/agpnoticias.com\/news\/index.php?rest_route=\/wp\/v2\/users\/1"}],"replies":[{"embeddable":true,"href":"https:\/\/agpnoticias.com\/news\/index.php?rest_route=%2Fwp%2Fv2%2Fcomments&post=2991490"}],"version-history":[{"count":1,"href":"https:\/\/agpnoticias.com\/news\/index.php?rest_route=\/wp\/v2\/posts\/2991490\/revisions"}],"predecessor-version":[{"id":2991492,"href":"https:\/\/agpnoticias.com\/news\/index.php?rest_route=\/wp\/v2\/posts\/2991490\/revisions\/2991492"}],"wp:featuredmedia":[{"embeddable":true,"href":"https:\/\/agpnoticias.com\/news\/index.php?rest_route=\/wp\/v2\/media\/2991491"}],"wp:attachment":[{"href":"https:\/\/agpnoticias.com\/news\/index.php?rest_route=%2Fwp%2Fv2%2Fmedia&parent=2991490"}],"wp:term":[{"taxonomy":"category","embeddable":true,"href":"https:\/\/agpnoticias.com\/news\/index.php?rest_route=%2Fwp%2Fv2%2Fcategories&post=2991490"},{"taxonomy":"post_tag","embeddable":true,"href":"https:\/\/agpnoticias.com\/news\/index.php?rest_route=%2Fwp%2Fv2%2Ftags&post=2991490"}],"curies":[{"name":"wp","href":"https:\/\/api.w.org\/{rel}","templated":true}]}}