{"id":2991501,"date":"2026-01-22T19:57:00","date_gmt":"2026-01-23T03:57:00","guid":{"rendered":"https:\/\/agpnoticias.com\/news\/?p=2991501"},"modified":"2026-01-23T01:04:32","modified_gmt":"2026-01-23T09:04:32","slug":"mexico-vencio-sobre-el-final-a-panama-en-el-primero-de-dos-amistosos","status":"publish","type":"post","link":"https:\/\/agpnoticias.com\/news\/?p=2991501","title":{"rendered":"M\u00e9xico venci\u00f3 sobre el final a Panam\u00e1 en el primero de dos amistosos"},"content":{"rendered":"\n<p>Panam\u00e1, Panam\u00e1.- La Selecci\u00f3n Nacional de M\u00e9xico consigui\u00f3 una victoria de car\u00e1cter al imponerse 0-1 ante Panam\u00e1 en partido amistoso internacional, disputado este jueves en el Estadio Rommel Fern\u00e1ndez. El encuentro marc\u00f3 el primer compromiso del combinado tricolor en el a\u00f1o y dio continuidad a su proceso de preparaci\u00f3n de cara a la pr\u00f3xima Copa del Mundo.<\/p>\n\n\n\n<p>El gol del triunfo lleg\u00f3 en el tiempo de compensaci\u00f3n (m.90+3), cuando un autogol de Richard Peralta inclin\u00f3 el marcador a favor de M\u00e9xico, reflejando la insistencia y la presi\u00f3n constante del equipo nacional hasta el \u00faltimo minuto del partido.<\/p>\n\n\n\n<p>Este encuentro forma parte de una etapa fundamental en el proyecto encabezado por Javier Aguirre, quien contin\u00faa en la b\u00fasqueda de definir los \u00faltimos detalles del equipo, evaluar alternativas y consolidar una idea de juego competitiva rumbo a la m\u00e1xima cita del futbol internacional. M\u00e1s all\u00e1 del resultado, el partido permiti\u00f3 sumar minutos, ajustar conceptos y fortalecer el funcionamiento colectivo.<\/p>\n\n\n\n<figure class=\"wp-block-embed is-type-video is-provider-youtube wp-block-embed-youtube wp-embed-aspect-16-9 wp-has-aspect-ratio\"><div class=\"wp-block-embed__wrapper\">\n<iframe title=\"Resumen y gol - Panam\u00e1 vs M\u00e9xico | Amistoso Internacional - Amistoso Mundial 2026 | TUDN\" width=\"640\" height=\"360\" src=\"https:\/\/www.youtube.com\/embed\/ALx68veDUJc?feature=oembed\" frameborder=\"0\" allow=\"accelerometer; autoplay; clipboard-write; encrypted-media; gyroscope; picture-in-picture; web-share\" referrerpolicy=\"strict-origin-when-cross-origin\" allowfullscreen><\/iframe>\n<\/div><\/figure>\n\n\n\n<p>Cabe destacar que la convocatoria para este compromiso, as\u00ed como para el duelo del pr\u00f3ximo domingo ante Bolivia, est\u00e1 integrada por futbolistas provenientes de clubes de la Liga MX, subrayando el respaldo del futbol mexicano al proceso de la Selecci\u00f3n Nacional. El apoyo de la liga ha sido clave para dar continuidad al trabajo del cuerpo t\u00e9cnico y fortalecer el camino rumbo al Mundial.<\/p>\n\n\n\n<p>La Selecci\u00f3n Nacional de M\u00e9xico avanza con paso firme, combinando trabajo, paciencia y determinaci\u00f3n, consciente de que cada partido es una oportunidad para crecer y acercarse al objetivo mayor.<\/p>\n\n\n\n<p>M\u00c9XICO: Ra\u00fal Rangel; Richard Ledezma, V\u00edctor Guzm\u00e1n, Luis Romo, Eduardo \u00c1guila, Bryan Gonz\u00e1lez (Jes\u00fas Gallardo, 85\u2019); Marcel Ruiz (Erik Lira, 66), Obed Vargas (Carlos Rodr\u00edguez, 66\u2019), Roberto Alvarado (Alexis Guti\u00e9rrez, 57), Brian Guti\u00e9rrez (Kevin Casta\u00f1eda, 57\u2019); y Germ\u00e1n Berterame (Armando Gonz\u00e1lez, \u201966).<\/p>\n","protected":false},"excerpt":{"rendered":"<p>Panam\u00e1, Panam\u00e1.- La Selecci\u00f3n Nacional de M\u00e9xico consigui\u00f3 una victoria de car\u00e1cter al imponerse 0-1&#8230;<\/p>\n","protected":false},"author":1,"featured_media":2991502,"comment_status":"closed","ping_status":"closed","sticky":false,"template":"","format":"video","meta":{"footnotes":""},"categories":[32,1151,1152,1149],"tags":[],"class_list":["post-2991501","post","type-post","status-publish","format-video","has-post-thumbnail","hentry","category-soccer","category-portada","category-editor-seleccion","category-seleccion-mexicana-2","post_format-post-format-video"],"_links":{"self":[{"href":"https:\/\/agpnoticias.com\/news\/index.php?rest_route=\/wp\/v2\/posts\/2991501","targetHints":{"allow":["GET"]}}],"collection":[{"href":"https:\/\/agpnoticias.com\/news\/index.php?rest_route=\/wp\/v2\/posts"}],"about":[{"href":"https:\/\/agpnoticias.com\/news\/index.php?rest_route=\/wp\/v2\/types\/post"}],"author":[{"embeddable":true,"href":"https:\/\/agpnoticias.com\/news\/index.php?rest_route=\/wp\/v2\/users\/1"}],"replies":[{"embeddable":true,"href":"https:\/\/agpnoticias.com\/news\/index.php?rest_route=%2Fwp%2Fv2%2Fcomments&post=2991501"}],"version-history":[{"count":1,"href":"https:\/\/agpnoticias.com\/news\/index.php?rest_route=\/wp\/v2\/posts\/2991501\/revisions"}],"predecessor-version":[{"id":2991503,"href":"https:\/\/agpnoticias.com\/news\/index.php?rest_route=\/wp\/v2\/posts\/2991501\/revisions\/2991503"}],"wp:featuredmedia":[{"embeddable":true,"href":"https:\/\/agpnoticias.com\/news\/index.php?rest_route=\/wp\/v2\/media\/2991502"}],"wp:attachment":[{"href":"https:\/\/agpnoticias.com\/news\/index.php?rest_route=%2Fwp%2Fv2%2Fmedia&parent=2991501"}],"wp:term":[{"taxonomy":"category","embeddable":true,"href":"https:\/\/agpnoticias.com\/news\/index.php?rest_route=%2Fwp%2Fv2%2Fcategories&post=2991501"},{"taxonomy":"post_tag","embeddable":true,"href":"https:\/\/agpnoticias.com\/news\/index.php?rest_route=%2Fwp%2Fv2%2Ftags&post=2991501"}],"curies":[{"name":"wp","href":"https:\/\/api.w.org\/{rel}","templated":true}]}}