{"id":2991535,"date":"2026-01-23T16:19:21","date_gmt":"2026-01-24T00:19:21","guid":{"rendered":"https:\/\/agpnoticias.com\/news\/?p=2991535"},"modified":"2026-01-23T21:08:21","modified_gmt":"2026-01-24T05:08:21","slug":"desde-la-federacion-de-alemania-proponen-boicot-al-mundial-en-protesta-a-acciones-de-trump","status":"publish","type":"post","link":"https:\/\/agpnoticias.com\/news\/?p=2991535","title":{"rendered":"Desde la federaci\u00f3n de Alemania proponen boicot al Mundial en protesta a acciones de Trump"},"content":{"rendered":"\n<p>Berlin, Alemania.- Un miembro del comit\u00e9 ejecutivo de la federaci\u00f3n alemana de f\u00fatbol dijo que es momento de considerar un boicot a la Copa del Mundo debido a las acciones del presidente estadounidense Donald Trump.<\/p>\n\n\n\n<p>Oke G\u00f6ttlich, presidente del club St. Pauli de la Bundesliga y uno de los 10 vicepresidentes de la federaci\u00f3n alemana, dijo al peri\u00f3dico Hamburger Morgenpost en una entrevista el viernes que \u201cha llegado el momento\u201d de \u201cconsiderar y discutir esto seriamente\u201d.<\/p>\n\n\n\n<p>Trump ha sembrado la discordia en Europa con su intento de adquisici\u00f3n de Groenlandia \u2014un territorio semiaut\u00f3nomo de Dinamarca, miembro de la OTAN\u2014 y su posterior amenaza de imponer aranceles a ocho pa\u00edses europeos que se opusieron a la adquisici\u00f3n. Esto dej\u00f3 a muchos de los aliados m\u00e1s cercanos de Estados Unidos advirtiendo de una ruptura con Washington capaz de destrozar la alianza de la OTAN.<\/p>\n\n\n\n<p>\u201c\u00bfCu\u00e1les fueron las justificaciones para el boicot a los Juegos Ol\u00edmpicos en la d\u00e9cada de 1980?\u201d, pregunt\u00f3 G\u00f6ttlich. \u201cEn mi opini\u00f3n, la amenaza potencial es mayor ahora que entonces. Necesitamos tener esta conversaci\u00f3n\u201d.<\/p>\n\n\n\n<p>Estados Unidos ser\u00e1 coanfitri\u00f3n de la Copa Mundial del 11 de junio al 19 de julio, junto con Canad\u00e1 y M\u00e9xico. Los aficionados est\u00e1n preocupados por los altos precios de las entradas , mientras que las prohibiciones de viaje impuestas por la administraci\u00f3n Trump tambi\u00e9n impiden la asistencia de aficionados de algunos pa\u00edses participantes.<\/p>\n\n\n\n<p>G\u00f6ttlich, que ha pedido la defensa de los valores, probablemente encontrar\u00e1 resistencia a los llamamientos al boicot del presidente de la federaci\u00f3n, Bernd Neuendorf, y del presidente de la FIFA, Gianni Infantino.<\/p>\n\n\n\n<p>\u201c\u00bfQatar era demasiado pol\u00edtico para todos y ahora somos completamente apol\u00edticos? Eso es algo que me molesta much\u00edsimo\u201d, dijo G\u00f6ttlich sobre la oposici\u00f3n de la federaci\u00f3n alemana a la anterior sede del Mundial.<\/p>\n\n\n\n<p>Alemania fracas\u00f3 en ese torneo, y el entrenador que asumi\u00f3 despu\u00e9s dijo que no quer\u00eda m\u00e1s distracciones pol\u00edticas .<\/p>\n\n\n\n<p>\u201cComo organizaciones y sociedad, estamos olvidando c\u00f3mo establecer tab\u00faes y l\u00edmites, y c\u00f3mo defender valores\u201d, dijo G\u00f6ttlich. \u201cLos tab\u00faes son parte esencial de nuestra postura. \u00bfSe rompe un tab\u00fa cuando alguien amenaza? \u00bfSe rompe un tab\u00fa cuando alguien ataca? \u00bfCuando muere gente? Me gustar\u00eda saber de Donald Trump cu\u00e1ndo ha alcanzado su tab\u00fa, y me gustar\u00eda saber de Bernd Neuendorf y Gianni Infantino\u201d.<\/p>\n\n\n\n<p>El St. Pauli, con sede en Hamburgo, es conocido por mezclar deporte y pol\u00edtica cerca del barrio rojo de la ciudad, y en particular por su postura izquierdista. El famoso s\u00edmbolo pirata de la calavera y las tibias cruzadas del club fue llevado primero por los okupantes que viv\u00edan cerca y luego popularizado por los aficionados que se identificaban como punks.<\/p>\n\n\n\n<p>G\u00f6ttlich desestim\u00f3 la sugerencia de que un boicot perjudicar\u00eda a los jugadores de la selecci\u00f3n nacional de St. Pauli, los australianos Jackson Irvine y Connor Metcalfe, y el japon\u00e9s Joel Chima Fujita.<\/p>\n\n\n\n<p>\u201cLa vida de un jugador profesional no vale m\u00e1s que la vida de innumerables personas en diversas regiones que est\u00e1n siendo atacadas o amenazadas directa o indirectamente por el anfitri\u00f3n de la Copa del Mundo\u201d, dijo.<\/p>\n\n\n\n<p><em>Informaci\u00f3n: AP.<\/em><\/p>\n","protected":false},"excerpt":{"rendered":"<p>Berlin, Alemania.- Un miembro del comit\u00e9 ejecutivo de la federaci\u00f3n alemana de f\u00fatbol dijo que&#8230;<\/p>\n","protected":false},"author":1,"featured_media":2991536,"comment_status":"closed","ping_status":"closed","sticky":false,"template":"","format":"standard","meta":{"footnotes":""},"categories":[32,1144,1151],"tags":[907],"class_list":["post-2991535","post","type-post","status-publish","format-standard","has-post-thumbnail","hentry","category-soccer","category-futbol-internacional","category-portada","tag-tendencia"],"_links":{"self":[{"href":"https:\/\/agpnoticias.com\/news\/index.php?rest_route=\/wp\/v2\/posts\/2991535","targetHints":{"allow":["GET"]}}],"collection":[{"href":"https:\/\/agpnoticias.com\/news\/index.php?rest_route=\/wp\/v2\/posts"}],"about":[{"href":"https:\/\/agpnoticias.com\/news\/index.php?rest_route=\/wp\/v2\/types\/post"}],"author":[{"embeddable":true,"href":"https:\/\/agpnoticias.com\/news\/index.php?rest_route=\/wp\/v2\/users\/1"}],"replies":[{"embeddable":true,"href":"https:\/\/agpnoticias.com\/news\/index.php?rest_route=%2Fwp%2Fv2%2Fcomments&post=2991535"}],"version-history":[{"count":1,"href":"https:\/\/agpnoticias.com\/news\/index.php?rest_route=\/wp\/v2\/posts\/2991535\/revisions"}],"predecessor-version":[{"id":2991537,"href":"https:\/\/agpnoticias.com\/news\/index.php?rest_route=\/wp\/v2\/posts\/2991535\/revisions\/2991537"}],"wp:featuredmedia":[{"embeddable":true,"href":"https:\/\/agpnoticias.com\/news\/index.php?rest_route=\/wp\/v2\/media\/2991536"}],"wp:attachment":[{"href":"https:\/\/agpnoticias.com\/news\/index.php?rest_route=%2Fwp%2Fv2%2Fmedia&parent=2991535"}],"wp:term":[{"taxonomy":"category","embeddable":true,"href":"https:\/\/agpnoticias.com\/news\/index.php?rest_route=%2Fwp%2Fv2%2Fcategories&post=2991535"},{"taxonomy":"post_tag","embeddable":true,"href":"https:\/\/agpnoticias.com\/news\/index.php?rest_route=%2Fwp%2Fv2%2Ftags&post=2991535"}],"curies":[{"name":"wp","href":"https:\/\/api.w.org\/{rel}","templated":true}]}}