{"id":2991554,"date":"2026-01-24T12:59:41","date_gmt":"2026-01-24T20:59:41","guid":{"rendered":"https:\/\/agpnoticias.com\/news\/?p=2991554"},"modified":"2026-01-24T14:24:47","modified_gmt":"2026-01-24T22:24:47","slug":"giannis-estara-fuera-de-actividad-por-lesion","status":"publish","type":"post","link":"https:\/\/agpnoticias.com\/news\/?p=2991554","title":{"rendered":"Giannis estar\u00e1 fuera de actividad por lesi\u00f3n"},"content":{"rendered":"\n<p>Milwaukee, Wisconsin.- Giannis Antetokounmpo de Milwaukee cree que estar\u00e1 fuera por un per\u00edodo prolongado despu\u00e9s de lesionarse nuevamente la pantorrilla derecha luego de que una lesi\u00f3n similar le provoc\u00f3 perderse ocho juegos a principios de esta temporada.<\/p>\n\n\n\n<p>Antetokounmpo sufri\u00f3 una molestia en la pantorrilla derecha durante la primera mitad de la derrota por 102-100 ante los Denver Nuggets el viernes por la noche. No se mostr\u00f3 c\u00f3modo el resto de la noche y abandon\u00f3 el campo definitivamente con 34 segundos restantes.<\/p>\n\n\n\n<p>\u201cAl final, no pude moverme m\u00e1s, as\u00ed que tuve que dejar de jugar\u201d, dijo Antetokounmpo.<\/p>\n\n\n\n<p>El dos veces MVP dijo que esperaba someterse a una resonancia magn\u00e9tica el s\u00e1bado y predijo que los resultados no ser\u00edan muy diferentes de lo que escuch\u00f3 despu\u00e9s de lesionarse la misma pantorrilla el mes pasado.<\/p>\n\n\n\n<p>\u201cDespu\u00e9s de la resonancia magn\u00e9tica, probablemente me dar\u00e1n un golpe en la pantorrilla, o en el s\u00f3leo, o algo as\u00ed, y probablemente me dar\u00e1n un protocolo de baja de cuatro a seis semanas\u201d, dijo Antetokounmpo. \u201cEsto es por mi experiencia en la NBA. Despu\u00e9s, voy a darlo todo para volver. Probablemente ser\u00e1 a finales de febrero o principios de marzo\u201d.<\/p>\n\n\n\n<p>El entrenador de los Bucks, Doc Rivers, se mostr\u00f3 igualmente pesimista.<\/p>\n\n\n\n<p>\u201cLa verdad es que no me parece bien\u201d, dijo. \u201cEste ternero sigue subiendo y es preocupante. No soy m\u00e9dico, pero s\u00e9 que su ternero le sigue molestando. Hay algo ah\u00ed. Sigue pasando. Es preocupante para todos\u201d.<\/p>\n\n\n\n<p>La lesi\u00f3n anterior en la pantorrilla de Antetokounmpo ocurri\u00f3 el 3 de diciembre. Regres\u00f3 a la acci\u00f3n el 27 de diciembre, pero desde entonces hab\u00eda tenido una restricci\u00f3n de minutos.<\/p>\n\n\n\n<p>Esta \u00faltima lesi\u00f3n pone en serio peligro las esperanzas de los Bucks de conseguir su d\u00e9cimo puesto consecutivo en los playoffs. Los Bucks (18-26) ocupan el und\u00e9cimo puesto en la clasificaci\u00f3n de la Conferencia Este y han perdido cinco de sus \u00faltimos seis partidos.<\/p>\n\n\n\n<p>Milwaukee solo ha tenido un r\u00e9cord de 3-11 en los partidos que Antetokounmpo se ha perdido esta temporada. Antetokounmpo dijo que habr\u00eda salido del partido del viernes en cuanto surgi\u00f3 el problema en la pantorrilla si los Bucks hubieran tenido un r\u00e9cord significativamente mejor.<\/p>\n\n\n\n<p>Pero \u00e9l se qued\u00f3 en el juego y termin\u00f3 con 22 puntos, 13 rebotes y siete asistencias.<\/p>\n\n\n\n<p>\u201cNo me gusta rendirme\u201d, dijo Antetokounmpo. \u201cSent\u00eda que no pod\u00eda explotar. Pod\u00eda trotar. No pod\u00eda ponerme de puntillas, as\u00ed que trot\u00e9 sobre los talones la mayor parte del partido. No ten\u00eda la misma explosividad, pero aun as\u00ed sent\u00eda que pod\u00eda ayudar. Al final, cuando estall\u00f3, tuve que salir. No pod\u00eda caminar\u201d.<\/p>\n\n\n\n<p>Antetokounmpo no fue el \u00fanico jugador destacado del partido del viernes que abandon\u00f3 el partido por una lesi\u00f3n en la pierna. Aaron Gordon, de Denver, anot\u00f3 13 puntos en la primera mitad antes de perderse la segunda por una distensi\u00f3n en el tend\u00f3n de la corva derecho.<\/p>\n\n\n\n<p>Gordon se perdi\u00f3 19 partidos despu\u00e9s de lesionarse el tend\u00f3n de la corva en noviembre.<\/p>\n\n\n\n<p>\u00ab\u00c9l es optimista y cree que no es tan grave como el \u00faltimo, pero no lo sabremos hasta que lo analicemos\u00bb, dijo el entrenador David Adelman.<\/p>\n\n\n\n<p>Gordon fue titular el viernes por la noche tras jugar 33 minutos en la victoria por 107-97 en Washington. Adelman afirm\u00f3 que una prueba de estr\u00e9s indic\u00f3 que Gordon hab\u00eda respondido lo suficientemente bien como para volver a la titularidad.<\/p>\n\n\n\n<p>\u201cObservaron su cuerpo y c\u00f3mo reaccion\u00f3 a lo de ayer\u201d, dijo Adelman. \u201cReaccion\u00f3 bien. Seamos honestos, esto no es una ciencia exacta. Estas lesiones pueden reaparecer en cualquier momento\u201d.<\/p>\n\n\n\n<p>Los Nuggets ya no cuentan con el tres veces MVP Nikola Jokic, quien jug\u00f3 por \u00faltima vez el 29 de diciembre debido a una contusi\u00f3n \u00f3sea en la rodilla izquierda. Denver tampoco ha tenido disponible a Cameron Johnson (contusi\u00f3n \u00f3sea en la rodilla derecha) en todo el mes, y Christian Braun (esguince de tobillo izquierdo) ha estado de baja las \u00faltimas dos semanas.<\/p>\n\n\n\n<p>Otros jugadores que Denver no jug\u00f3 el viernes fueron Jamal Murray (inflamaci\u00f3n del tend\u00f3n de la corva derecho y la cadera izquierda), Peyton Watson (esguince de tobillo izquierdo y distensi\u00f3n de tobillo derecho) y Jonas Valanciunas (distensi\u00f3n de pantorrilla derecha).<\/p>\n\n\n\n<p><em>Informaci\u00f3n: AP.<\/em><\/p>\n","protected":false},"excerpt":{"rendered":"<p>Milwaukee, Wisconsin.- Giannis Antetokounmpo de Milwaukee cree que estar\u00e1 fuera por un per\u00edodo prolongado despu\u00e9s&#8230;<\/p>\n","protected":false},"author":1,"featured_media":2991555,"comment_status":"closed","ping_status":"closed","sticky":false,"template":"","format":"standard","meta":{"footnotes":""},"categories":[35,1147,1151],"tags":[907],"class_list":["post-2991554","post","type-post","status-publish","format-standard","has-post-thumbnail","hentry","category-basquetbol","category-nba","category-portada","tag-tendencia"],"_links":{"self":[{"href":"https:\/\/agpnoticias.com\/news\/index.php?rest_route=\/wp\/v2\/posts\/2991554","targetHints":{"allow":["GET"]}}],"collection":[{"href":"https:\/\/agpnoticias.com\/news\/index.php?rest_route=\/wp\/v2\/posts"}],"about":[{"href":"https:\/\/agpnoticias.com\/news\/index.php?rest_route=\/wp\/v2\/types\/post"}],"author":[{"embeddable":true,"href":"https:\/\/agpnoticias.com\/news\/index.php?rest_route=\/wp\/v2\/users\/1"}],"replies":[{"embeddable":true,"href":"https:\/\/agpnoticias.com\/news\/index.php?rest_route=%2Fwp%2Fv2%2Fcomments&post=2991554"}],"version-history":[{"count":2,"href":"https:\/\/agpnoticias.com\/news\/index.php?rest_route=\/wp\/v2\/posts\/2991554\/revisions"}],"predecessor-version":[{"id":2991557,"href":"https:\/\/agpnoticias.com\/news\/index.php?rest_route=\/wp\/v2\/posts\/2991554\/revisions\/2991557"}],"wp:featuredmedia":[{"embeddable":true,"href":"https:\/\/agpnoticias.com\/news\/index.php?rest_route=\/wp\/v2\/media\/2991555"}],"wp:attachment":[{"href":"https:\/\/agpnoticias.com\/news\/index.php?rest_route=%2Fwp%2Fv2%2Fmedia&parent=2991554"}],"wp:term":[{"taxonomy":"category","embeddable":true,"href":"https:\/\/agpnoticias.com\/news\/index.php?rest_route=%2Fwp%2Fv2%2Fcategories&post=2991554"},{"taxonomy":"post_tag","embeddable":true,"href":"https:\/\/agpnoticias.com\/news\/index.php?rest_route=%2Fwp%2Fv2%2Ftags&post=2991554"}],"curies":[{"name":"wp","href":"https:\/\/api.w.org\/{rel}","templated":true}]}}