{"id":2991639,"date":"2026-01-21T11:18:20","date_gmt":"2026-01-21T19:18:20","guid":{"rendered":"https:\/\/agpnoticias.com\/news\/?p=2991639"},"modified":"2026-01-26T11:29:59","modified_gmt":"2026-01-26T19:29:59","slug":"semiconductores-la-industria-estrategica-donde-mexico-aun-busca-subir-de-nivel","status":"publish","type":"post","link":"https:\/\/agpnoticias.com\/news\/?p=2991639","title":{"rendered":"Semiconductores, la industria estrat\u00e9gica donde M\u00e9xico a\u00fan busca subir de nivel"},"content":{"rendered":"\n<p>Ensenada, Baja California.- La industria de los semiconductores opera a trav\u00e9s de una cadena de valor compleja que va desde el dise\u00f1o de los chips hasta su integraci\u00f3n en productos electr\u00f3nicos. El proceso inicia con el dise\u00f1o, contin\u00faa con la fabricaci\u00f3n \u2014la etapa m\u00e1s costosa y especializada\u2014 y concluye con el empaquetado, las pruebas de calidad y su incorporaci\u00f3n en dispositivos electr\u00f3nicos.<\/p>\n\n\n\n<p>Todas estas fases requieren alta especializaci\u00f3n y dependen de un suministro constante de materias primas. Se trata de una industria global y fragmentada, con procesos distribuidos en distintas regiones del mundo. Esta dispersi\u00f3n mejora la eficiencia, pero tambi\u00e9n incrementa los riesgos de interrupci\u00f3n ante problemas log\u00edsticos, tensiones geopol\u00edticas o crisis sanitarias.<\/p>\n\n\n\n<p>De acuerdo con <strong>Josu\u00e9 L\u00f3pez Leyva<\/strong>, en M\u00e9xico la participaci\u00f3n dentro de esta cadena sigue siendo limitada, aunque estrat\u00e9gica. El pa\u00eds se ha posicionado principalmente en el ensamble, las pruebas y la manufactura de productos electr\u00f3nicos que incorporan semiconductores, aprovechando su ubicaci\u00f3n geogr\u00e1fica, su infraestructura industrial y sus acuerdos comerciales.<\/p>\n\n\n\n<p>Sin embargo, los eslabones de mayor valor agregado, como el dise\u00f1o y la fabricaci\u00f3n de chips, representan todav\u00eda un reto importante. Para avanzar en estas \u00e1reas, ser\u00e1 necesario fortalecer las capacidades tecnol\u00f3gicas, el ecosistema de innovaci\u00f3n y la formaci\u00f3n de talento especializado.<\/p>\n\n\n\n<p>A corto plazo, el enfoque debe estar en consolidar los segmentos donde ya existen fortalezas, como el ensamblaje y las pruebas. Para ello, se requiere una mayor coordinaci\u00f3n entre el sector productivo, las universidades y los centros de formaci\u00f3n t\u00e9cnica, as\u00ed como programas de capacitaci\u00f3n enfocados en habilidades espec\u00edficas: empaquetado de semiconductores, pruebas electr\u00f3nicas, interpretaci\u00f3n de diagramas y microensamblaje de alta precisi\u00f3n.<\/p>\n\n\n\n<p>A mediano plazo, el desaf\u00edo es avanzar hacia el dise\u00f1o de chips y el fortalecimiento de la investigaci\u00f3n, el desarrollo y la innovaci\u00f3n. Esto implica impulsar competencias en programaci\u00f3n, dise\u00f1o digital y f\u00edsico, verificaci\u00f3n de sistemas y eficiencia energ\u00e9tica, adem\u00e1s de crear centros especializados en pruebas y desarrollo de materiales avanzados.<\/p>\n\n\n\n<p>A largo plazo, M\u00e9xico deber\u00e1 evaluar la posibilidad de participar o colaborar en la fabricaci\u00f3n de obleas, uno de los procesos m\u00e1s complejos y estrat\u00e9gicos de la industria. Aunque representa un reto tecnol\u00f3gico considerable, tambi\u00e9n abre la puerta a una mayor competitividad y valor agregado.<\/p>\n\n\n\n<p>El crecimiento de esta industria depender\u00e1 de una visi\u00f3n clara y coordinada que permita fortalecer capacidades nacionales, maximizar beneficios econ\u00f3micos y tecnol\u00f3gicos, y retener talento especializado. El reto es grande, pero la oportunidad tambi\u00e9n.<\/p>\n","protected":false},"excerpt":{"rendered":"<p>Ensenada, Baja California.- La industria de los semiconductores opera a trav\u00e9s de una cadena de&#8230;<\/p>\n","protected":false},"author":1,"featured_media":2991640,"comment_status":"closed","ping_status":"closed","sticky":false,"template":"","format":"standard","meta":{"footnotes":""},"categories":[1,879],"tags":[],"class_list":["post-2991639","post","type-post","status-publish","format-standard","has-post-thumbnail","hentry","category-uncategorized","category-cetys-universidad"],"_links":{"self":[{"href":"https:\/\/agpnoticias.com\/news\/index.php?rest_route=\/wp\/v2\/posts\/2991639","targetHints":{"allow":["GET"]}}],"collection":[{"href":"https:\/\/agpnoticias.com\/news\/index.php?rest_route=\/wp\/v2\/posts"}],"about":[{"href":"https:\/\/agpnoticias.com\/news\/index.php?rest_route=\/wp\/v2\/types\/post"}],"author":[{"embeddable":true,"href":"https:\/\/agpnoticias.com\/news\/index.php?rest_route=\/wp\/v2\/users\/1"}],"replies":[{"embeddable":true,"href":"https:\/\/agpnoticias.com\/news\/index.php?rest_route=%2Fwp%2Fv2%2Fcomments&post=2991639"}],"version-history":[{"count":2,"href":"https:\/\/agpnoticias.com\/news\/index.php?rest_route=\/wp\/v2\/posts\/2991639\/revisions"}],"predecessor-version":[{"id":2991642,"href":"https:\/\/agpnoticias.com\/news\/index.php?rest_route=\/wp\/v2\/posts\/2991639\/revisions\/2991642"}],"wp:featuredmedia":[{"embeddable":true,"href":"https:\/\/agpnoticias.com\/news\/index.php?rest_route=\/wp\/v2\/media\/2991640"}],"wp:attachment":[{"href":"https:\/\/agpnoticias.com\/news\/index.php?rest_route=%2Fwp%2Fv2%2Fmedia&parent=2991639"}],"wp:term":[{"taxonomy":"category","embeddable":true,"href":"https:\/\/agpnoticias.com\/news\/index.php?rest_route=%2Fwp%2Fv2%2Fcategories&post=2991639"},{"taxonomy":"post_tag","embeddable":true,"href":"https:\/\/agpnoticias.com\/news\/index.php?rest_route=%2Fwp%2Fv2%2Ftags&post=2991639"}],"curies":[{"name":"wp","href":"https:\/\/api.w.org\/{rel}","templated":true}]}}