{"id":2991688,"date":"2026-01-28T08:54:06","date_gmt":"2026-01-28T16:54:06","guid":{"rendered":"https:\/\/agpnoticias.com\/news\/?p=2991688"},"modified":"2026-01-28T08:54:09","modified_gmt":"2026-01-28T16:54:09","slug":"el-america-destituye-a-su-director-deportivo","status":"publish","type":"post","link":"https:\/\/agpnoticias.com\/news\/?p=2991688","title":{"rendered":"El Am\u00e9rica destituye a su director deportivo"},"content":{"rendered":"\n<p>Ciudad de M\u00e9xico.- Despu\u00e9s de rumores sobre sus desavenencias con el entrenador Andre Jardine, Diego Ram\u00edrez fue removido de sus funciones en la directiva del Am\u00e9rica.<\/p>\n\n\n\n<p>El club public\u00f3 el siguiente comunicado:<\/p>\n\n\n\n<p>El Club Am\u00e9rica informa que Diego Ram\u00edrez deja el cargo de Director Deportivo del Primer Equipo Varonil con la finalidad de continuar su crecimiento profesional a trav\u00e9s de la implementaci\u00f3n de proyectos de desarrollo deportivo en conjunto, entre otros, con el Club y con otras subsidiarias del Grupo Ollamani.<\/p>\n\n\n\n<p>Diego, en su primera etapa dentro del Club colabor\u00f3 para la obtenci\u00f3n de un t\u00edtulo de liga, mientras que en una segunda etapa ha sido una pieza fundamental en el proyecto deportivo del Club, as\u00ed como en la conformaci\u00f3n de la estructura actual del Primer Equipo Varonil, adem\u00e1s de formar parte integral del reciente logro hist\u00f3rico obtenido por las \u00c1guilas: el Tricampeonato.<\/p>\n\n\n\n<p>Desde su llegada a Coapa, Diego se ha caracterizado por su profesionalismo y busqueda constante de la excelencia por lo que estamos convencidos de que este cambio en su camino es un paso m\u00e1s hacia su consolidaci\u00f3n como un ejecutivo de primer nivel en el futbol.<\/p>\n\n\n\n<p>Estamos muy entusiasmados por su nueva etapa, y estamos ciertos de que continuaremos escribiendo historias de \u00e9xito en conjunto.<\/p>\n","protected":false},"excerpt":{"rendered":"<p>Ciudad de M\u00e9xico.- Despu\u00e9s de rumores sobre sus desavenencias con el entrenador Andre Jardine, Diego&#8230;<\/p>\n","protected":false},"author":1,"featured_media":2991689,"comment_status":"closed","ping_status":"closed","sticky":false,"template":"","format":"standard","meta":{"footnotes":""},"categories":[32,1081,1151],"tags":[],"class_list":["post-2991688","post","type-post","status-publish","format-standard","has-post-thumbnail","hentry","category-soccer","category-liga-mx","category-portada"],"_links":{"self":[{"href":"https:\/\/agpnoticias.com\/news\/index.php?rest_route=\/wp\/v2\/posts\/2991688","targetHints":{"allow":["GET"]}}],"collection":[{"href":"https:\/\/agpnoticias.com\/news\/index.php?rest_route=\/wp\/v2\/posts"}],"about":[{"href":"https:\/\/agpnoticias.com\/news\/index.php?rest_route=\/wp\/v2\/types\/post"}],"author":[{"embeddable":true,"href":"https:\/\/agpnoticias.com\/news\/index.php?rest_route=\/wp\/v2\/users\/1"}],"replies":[{"embeddable":true,"href":"https:\/\/agpnoticias.com\/news\/index.php?rest_route=%2Fwp%2Fv2%2Fcomments&post=2991688"}],"version-history":[{"count":1,"href":"https:\/\/agpnoticias.com\/news\/index.php?rest_route=\/wp\/v2\/posts\/2991688\/revisions"}],"predecessor-version":[{"id":2991690,"href":"https:\/\/agpnoticias.com\/news\/index.php?rest_route=\/wp\/v2\/posts\/2991688\/revisions\/2991690"}],"wp:featuredmedia":[{"embeddable":true,"href":"https:\/\/agpnoticias.com\/news\/index.php?rest_route=\/wp\/v2\/media\/2991689"}],"wp:attachment":[{"href":"https:\/\/agpnoticias.com\/news\/index.php?rest_route=%2Fwp%2Fv2%2Fmedia&parent=2991688"}],"wp:term":[{"taxonomy":"category","embeddable":true,"href":"https:\/\/agpnoticias.com\/news\/index.php?rest_route=%2Fwp%2Fv2%2Fcategories&post=2991688"},{"taxonomy":"post_tag","embeddable":true,"href":"https:\/\/agpnoticias.com\/news\/index.php?rest_route=%2Fwp%2Fv2%2Ftags&post=2991688"}],"curies":[{"name":"wp","href":"https:\/\/api.w.org\/{rel}","templated":true}]}}