{"id":2992094,"date":"2026-02-09T18:31:49","date_gmt":"2026-02-10T02:31:49","guid":{"rendered":"https:\/\/agpnoticias.com\/news\/?p=2992094"},"modified":"2026-02-09T18:31:51","modified_gmt":"2026-02-10T02:31:51","slug":"mas-de-150-mil-habitantes-se-veran-afectados-por-corte-de-agua-en-ensenada","status":"publish","type":"post","link":"https:\/\/agpnoticias.com\/news\/?p=2992094","title":{"rendered":"M\u00e1s de 150 mil habitantes se ver\u00e1n afectados por corte de agua en Ensenada"},"content":{"rendered":"\n<p>Ensenada, Baja California.- A partir del mi\u00e9rcoles 11 de febrero, se suspender\u00e1 el suministro de agua potable en 92 colonias del municipio de Ensenada, lo que afectar\u00e1 a m\u00e1s de 150 mil personas, debido a trabajos de interconexi\u00f3n en el acueducto Morelos, inform\u00f3 la CESPE.<\/p>\n\n\n\n<p>De acuerdo con la informaci\u00f3n oficial, los trabajos t\u00e9cnicos tendr\u00e1n una duraci\u00f3n aproximada de tres d\u00edas, por lo que se contempla que el s\u00e1bado 14 de febrero inicie el restablecimiento del sistema h\u00eddrico.<\/p>\n\n\n\n<p>Las zonas que se ver\u00e1n afectadas por este corte programado son San Antonio de las Minas, El Sauzal, Zona Costa y Zona Noreste de la ciudad<\/p>\n\n\n\n<p>La comisi\u00f3n detall\u00f3 que, una vez concluidas las maniobras, el suministro no regresar\u00e1 de manera inmediata, sino de forma paulatina, conforme se estabilice la presi\u00f3n en la red.<\/p>\n\n\n\n<p>Se estima que la normalizaci\u00f3n total del servicio para todas las colonias impactadas ocurra hasta el jueves 19 de febrero.<\/p>\n\n\n\n<p>Ante esta situaci\u00f3n, las autoridades recomiendan a la poblaci\u00f3n tomar previsiones, almacenar agua y hacer un uso racional del recurso durante los d\u00edas que dure la suspensi\u00f3n.<\/p>\n\n\n\n<p>La CESPE reiter\u00f3 que estos trabajos son necesarios para mejorar la infraestructura hidr\u00e1ulica y garantizar un mejor servicio a mediano plazo.<\/p>\n\n\n\n<p>Las colonias afectadas ser\u00e1n:<\/p>\n\n\n\n<p>2 de Septiembre<br>28 de Agosto<br>3 de Octubre<br>3er. Ayuntamiento<br>Altamar<br>Amp. Moderna<br>Amp. Pe\u00f1itas<br>Amp. Reforma<br>Amp. IV Ayuntamiento<br>Appel Chac\u00f3n<br>Azteca<br>Balcones de la Presa<br>Bella Vista<br>Benito Ju\u00e1rez<br>Chapultepec<br>Colinas de la Joyita<br>Colinas de la Presa<br>Colinas de San \u00c1ngel I y II<br>Colinas del Magisterio<br>Colinas del Sol<br>Comercial Chapultepec<br>Coronitas<br>Cumbres de la Presa<br>Del Cedro<br>Ejido Ruiz Cortines<br>El Sauzal<br>Emiliano Zapata<br>Empleados<br>Estados de M\u00e9xico<br>Flores Mag\u00f3n<br>Granjas Chapingo<br>Ignacio Allende<\/p>\n\n\n\n<p>Ignacio Altamirano<br>Jes\u00fas Mungu\u00eda<br>La Joya<br>La Joyita<br>Las Fincas<br>Las Flores de Ensenada<br>Las Margaritas<br>Las Palmas I, II y III<br>L\u00e1zaro C\u00e1rdenas I y II<br>Loma Linda<br>Lomas de la Joyita<br>Lomas de la Presa<br>Lomitas<br>Lomitas Indeco I, II y III<br>Los Encinos<br>Los Laureles<br>Los Olivares<br>Luis Echeverr\u00eda<br>Magisterial<br>Mar de Cortez<br>Mar de Ensenada<br>Mediterr\u00e1neo<br>Miguel Alem\u00e1n<br>Misi\u00f3n<br>Misiones de la Presa I y II<br>Moderna<br>Moderna Oeste<br>Montemar<br>Nuevo Milenio<br>Olivos<br>Pedregal Playitas<br>Pe\u00f1itas<br>Piedras Negras<br>Popular 89<br>Popular II<br>P\u00f3rticos de Arboledas I, II y III<br>Privada Mediterr\u00e1neo<br>Privadas del Real<br>Puerto Azul<br>Puesta del Sol<br>Reacomodo Lomitas<br>Reacomodo Mungu\u00eda<br>Real de San Marino<br>Rebombeo 1ro. de Mayo<br>Residencial Las Lomas<br>Residencial Misiones<br>Revoluci\u00f3n<br>Salvador Rosas Magall\u00f3n<br>San Marino<br>Territorio Sur<br>Tomas Comunales de la Zona de la Col. 89<br>VI Ayuntamiento<br>Villa Fontana<br>Villas del Cedro<br>Villas del Prado<br>Villas del Sol I y II<br>Villas Las Rosas<br>Vista al Sol<br>Vista Hermosa<br>Zona Centro<\/p>\n","protected":false},"excerpt":{"rendered":"<p>Ensenada, Baja California.- A partir del mi\u00e9rcoles 11 de febrero, se suspender\u00e1 el suministro de&#8230;<\/p>\n","protected":false},"author":1,"featured_media":2992095,"comment_status":"closed","ping_status":"closed","sticky":false,"template":"","format":"standard","meta":{"footnotes":""},"categories":[1],"tags":[],"class_list":["post-2992094","post","type-post","status-publish","format-standard","has-post-thumbnail","hentry","category-uncategorized"],"_links":{"self":[{"href":"https:\/\/agpnoticias.com\/news\/index.php?rest_route=\/wp\/v2\/posts\/2992094","targetHints":{"allow":["GET"]}}],"collection":[{"href":"https:\/\/agpnoticias.com\/news\/index.php?rest_route=\/wp\/v2\/posts"}],"about":[{"href":"https:\/\/agpnoticias.com\/news\/index.php?rest_route=\/wp\/v2\/types\/post"}],"author":[{"embeddable":true,"href":"https:\/\/agpnoticias.com\/news\/index.php?rest_route=\/wp\/v2\/users\/1"}],"replies":[{"embeddable":true,"href":"https:\/\/agpnoticias.com\/news\/index.php?rest_route=%2Fwp%2Fv2%2Fcomments&post=2992094"}],"version-history":[{"count":1,"href":"https:\/\/agpnoticias.com\/news\/index.php?rest_route=\/wp\/v2\/posts\/2992094\/revisions"}],"predecessor-version":[{"id":2992096,"href":"https:\/\/agpnoticias.com\/news\/index.php?rest_route=\/wp\/v2\/posts\/2992094\/revisions\/2992096"}],"wp:featuredmedia":[{"embeddable":true,"href":"https:\/\/agpnoticias.com\/news\/index.php?rest_route=\/wp\/v2\/media\/2992095"}],"wp:attachment":[{"href":"https:\/\/agpnoticias.com\/news\/index.php?rest_route=%2Fwp%2Fv2%2Fmedia&parent=2992094"}],"wp:term":[{"taxonomy":"category","embeddable":true,"href":"https:\/\/agpnoticias.com\/news\/index.php?rest_route=%2Fwp%2Fv2%2Fcategories&post=2992094"},{"taxonomy":"post_tag","embeddable":true,"href":"https:\/\/agpnoticias.com\/news\/index.php?rest_route=%2Fwp%2Fv2%2Ftags&post=2992094"}],"curies":[{"name":"wp","href":"https:\/\/api.w.org\/{rel}","templated":true}]}}