{"id":2992098,"date":"2026-02-10T10:51:14","date_gmt":"2026-02-10T18:51:14","guid":{"rendered":"https:\/\/agpnoticias.com\/news\/?p=2992098"},"modified":"2026-02-10T10:51:17","modified_gmt":"2026-02-10T18:51:17","slug":"congreso-de-baja-california-aprueba-reforma-para-ampliar-y-hacer-mas-incluyente-la-participacion-ciudadana","status":"publish","type":"post","link":"https:\/\/agpnoticias.com\/news\/?p=2992098","title":{"rendered":"Congreso de Baja California aprueba reforma para ampliar y hacer m\u00e1s incluyente la participaci\u00f3n ciudadana"},"content":{"rendered":"\n<p>Mexicali, Baja California.- El Congreso de Baja California aprob\u00f3 por unanimidad una reforma constitucional que busca ampliar y fortalecer los mecanismos de participaci\u00f3n ciudadana en el estado, incorporando principios como accesibilidad, inclusi\u00f3n, interculturalidad, no discriminaci\u00f3n y perspectiva de g\u00e9nero.<\/p>\n\n\n\n<p>La reforma, avalada a trav\u00e9s del Dictamen 77 presentado ante el Pleno del <strong>Congreso del Estado de Baja California<\/strong>, plantea cambios tanto a la Constituci\u00f3n local como a la Ley de Participaci\u00f3n Ciudadana, con el objetivo de que m\u00e1s personas puedan ejercer sus derechos pol\u00edticos sin obst\u00e1culos legales, sociales o culturales.<\/p>\n\n\n\n<p>La iniciativa fue impulsada por la diputada <strong>Araceli Geraldo N\u00fa\u00f1ez<\/strong>, quien propuso actualizar el marco legal para que los instrumentos de participaci\u00f3n sean coherentes con un enfoque de derechos humanos y equidad social, y no excluyan a sectores hist\u00f3ricamente marginados.<\/p>\n\n\n\n<p>Con esta reforma, el Congreso busca evitar vac\u00edos legales que limiten la participaci\u00f3n ciudadana y dar mayor legitimidad a figuras como consultas, plebiscitos y otros mecanismos democr\u00e1ticos, ampliando su alcance hacia una representaci\u00f3n m\u00e1s diversa e incluyente.<\/p>\n\n\n\n<p>Tras su aprobaci\u00f3n en el Congreso, la reforma ser\u00e1 enviada a los Ayuntamientos del estado para su an\u00e1lisis. En caso de que la mayor\u00eda de los municipios la respalden, se realizar\u00e1 la declaratoria oficial para su incorporaci\u00f3n a la Constituci\u00f3n de Baja California.<\/p>\n","protected":false},"excerpt":{"rendered":"<p>Mexicali, Baja California.- El Congreso de Baja California aprob\u00f3 por unanimidad una reforma constitucional que&#8230;<\/p>\n","protected":false},"author":1,"featured_media":2992099,"comment_status":"closed","ping_status":"closed","sticky":false,"template":"","format":"standard","meta":{"footnotes":""},"categories":[1],"tags":[],"class_list":["post-2992098","post","type-post","status-publish","format-standard","has-post-thumbnail","hentry","category-uncategorized"],"_links":{"self":[{"href":"https:\/\/agpnoticias.com\/news\/index.php?rest_route=\/wp\/v2\/posts\/2992098","targetHints":{"allow":["GET"]}}],"collection":[{"href":"https:\/\/agpnoticias.com\/news\/index.php?rest_route=\/wp\/v2\/posts"}],"about":[{"href":"https:\/\/agpnoticias.com\/news\/index.php?rest_route=\/wp\/v2\/types\/post"}],"author":[{"embeddable":true,"href":"https:\/\/agpnoticias.com\/news\/index.php?rest_route=\/wp\/v2\/users\/1"}],"replies":[{"embeddable":true,"href":"https:\/\/agpnoticias.com\/news\/index.php?rest_route=%2Fwp%2Fv2%2Fcomments&post=2992098"}],"version-history":[{"count":1,"href":"https:\/\/agpnoticias.com\/news\/index.php?rest_route=\/wp\/v2\/posts\/2992098\/revisions"}],"predecessor-version":[{"id":2992100,"href":"https:\/\/agpnoticias.com\/news\/index.php?rest_route=\/wp\/v2\/posts\/2992098\/revisions\/2992100"}],"wp:featuredmedia":[{"embeddable":true,"href":"https:\/\/agpnoticias.com\/news\/index.php?rest_route=\/wp\/v2\/media\/2992099"}],"wp:attachment":[{"href":"https:\/\/agpnoticias.com\/news\/index.php?rest_route=%2Fwp%2Fv2%2Fmedia&parent=2992098"}],"wp:term":[{"taxonomy":"category","embeddable":true,"href":"https:\/\/agpnoticias.com\/news\/index.php?rest_route=%2Fwp%2Fv2%2Fcategories&post=2992098"},{"taxonomy":"post_tag","embeddable":true,"href":"https:\/\/agpnoticias.com\/news\/index.php?rest_route=%2Fwp%2Fv2%2Ftags&post=2992098"}],"curies":[{"name":"wp","href":"https:\/\/api.w.org\/{rel}","templated":true}]}}