{"id":2992201,"date":"2026-02-14T17:24:43","date_gmt":"2026-02-15T01:24:43","guid":{"rendered":"https:\/\/agpnoticias.com\/news\/?p=2992201"},"modified":"2026-02-14T22:04:59","modified_gmt":"2026-02-15T06:04:59","slug":"el-madrid-golea-a-la-real-sociedad-y-amanecera-lider-en-la-liga","status":"publish","type":"post","link":"https:\/\/agpnoticias.com\/news\/?p=2992201","title":{"rendered":"El Madrid golea a la Real Sociedad y amanecer\u00e1 l\u00edder en La Liga"},"content":{"rendered":"\n<p>Madrid, Espa\u00f1a.- Vin\u00edcius J\u00fanior anot\u00f3 dos penales y un Real Madrid sin su superestrella Kylian Mbapp\u00e9 se coloc\u00f3 en la cima de La Liga con una victoria por 4-1 sobre la Real Sociedad el s\u00e1bado.<\/p>\n\n\n\n<p>Mbapp\u00e9 observ\u00f3 el partido desde el banquillo tras perderse algunos entrenamientos del equipo durante la semana por molestias en la rodilla izquierda. El entrenador del Madrid, \u00c1lvaro Arbeloa, declar\u00f3 el viernes que pod\u00eda jugar, pero evidentemente no quer\u00eda apresurar a su goleador estrella.<\/p>\n\n\n\n<p>Y tampoco era necesario.<\/p>\n\n\n\n<p>Mbapp\u00e9 y Jude Bellingham, baja por una lesi\u00f3n en el tend\u00f3n de la corva, vieron c\u00f3mo el Madrid realiz\u00f3 una actuaci\u00f3n segura en equipo para poner fin a la racha invicta de 10 partidos de los visitantes en todas las competiciones y alejarse dos puntos del Barcelona antes de que el campe\u00f3n defensor visite al Girona el lunes.<\/p>\n\n\n\n<p>\u201cCreo que hicimos un trabajo espectacular tanto en defensa como en ataque\u201d, dijo el capit\u00e1n del equipo, Fede Valverde, quien marc\u00f3 su primer gol de la temporada. \u201cTuvimos much\u00edsimas ocasiones, pero no pudimos aprovecharlas. Es cierto que ellos tambi\u00e9n las tuvieron, pero (el portero Thibaut) Courtois estuvo tremendo. Fue un gran partido de todo el equipo\u201d.<\/p>\n\n\n\n<figure class=\"wp-block-embed is-type-video is-provider-youtube wp-block-embed-youtube wp-embed-aspect-16-9 wp-has-aspect-ratio\"><div class=\"wp-block-embed__wrapper\">\n<iframe title=\"REAL MADRID 4 - 1 REAL SOCIEDAD | RESUMEN LALIGA EA SPORTS\" width=\"640\" height=\"360\" src=\"https:\/\/www.youtube.com\/embed\/L9HUdrRTxts?feature=oembed\" frameborder=\"0\" allow=\"accelerometer; autoplay; clipboard-write; encrypted-media; gyroscope; picture-in-picture; web-share\" referrerpolicy=\"strict-origin-when-cross-origin\" allowfullscreen><\/iframe>\n<\/div><\/figure>\n\n\n\n<p>Tal vez la cena de equipo del martes en un restaurante elegante pagado por Mbapp\u00e9 y Vin\u00edcius ayud\u00f3 a concentrar a los jugadores antes de enfrentar al Benfica en los playoffs de la Liga de Campeones la pr\u00f3xima semana.<\/p>\n\n\n\n<p>Gonzalo Garc\u00eda abri\u00f3 el marcador con un ligero toque a un centro de Trent Alexander-Arnold en el minuto cinco. Sin embargo, el partido fue en gran medida frustrante para el joven atacante, que no aprovech\u00f3 otras buenas ocasiones.<\/p>\n\n\n\n<p>Dean Huijsen concedi\u00f3 un penalti por derribar a Yangel Herrera, y Mikel Oyarzabal igual\u00f3 el marcador con un potente disparo alto y desde el centro en el minuto 21.<\/p>\n\n\n\n<p>El \u00e1rbitro Francisco Jos\u00e9 Hern\u00e1ndez Maeso pit\u00f3 otro penalti en el otro extremo cuatro minutos despu\u00e9s, cuando Jon Aramburu golpe\u00f3 el tobillo de Vin\u00edcius, derrib\u00e1ndolo. El brasile\u00f1o se recompuso para marcar desde los 25.<\/p>\n\n\n\n<p>Valverde anot\u00f3 agradecido el tercero en el minuto 31 despu\u00e9s de haber quedado demasiado espacio al borde del \u00e1rea, y Gonzalo deber\u00eda haber marcado de nuevo cuando Valverde le habilit\u00f3 para lo que parec\u00eda un simple toque.<\/p>\n\n\n\n<p>Vin\u00edcius puso el 4-1 con su segundo penalti tras el descanso, pitado despu\u00e9s de que Aramburu fuera nuevamente penalizado por derribarlo.<\/p>\n\n\n\n<p>Dani Carvajal hizo su esperado regreso alrededor de la hora de juego al sustituir a Alexander-Arnold en su primer partido liguero desde la derrota del Madrid por 2-1 ante el Barcelona en octubre. Seg\u00fan informes, Carvajal no estaba contento con que David Jim\u00e9nez, jugador del Castilla de 21 a\u00f1os, jugara de lateral derecho en Valencia el fin de semana pasado.<\/p>\n\n\n\n<p>\u201cLo m\u00e1s importante es ganar, que el equipo sume los tres puntos y siga en esta din\u00e1mica\u201d, afirm\u00f3 Valverde tras la octava victoria liguera consecutiva del equipo.<\/p>\n\n\n\n<p>Informaci\u00f3n: AP.<\/p>\n","protected":false},"excerpt":{"rendered":"<p>Madrid, Espa\u00f1a.- Vin\u00edcius J\u00fanior anot\u00f3 dos penales y un Real Madrid sin su superestrella Kylian&#8230;<\/p>\n","protected":false},"author":1,"featured_media":2992202,"comment_status":"closed","ping_status":"closed","sticky":false,"template":"","format":"video","meta":{"footnotes":""},"categories":[32,1144,1151],"tags":[907],"class_list":["post-2992201","post","type-post","status-publish","format-video","has-post-thumbnail","hentry","category-soccer","category-futbol-internacional","category-portada","tag-tendencia","post_format-post-format-video"],"_links":{"self":[{"href":"https:\/\/agpnoticias.com\/news\/index.php?rest_route=\/wp\/v2\/posts\/2992201","targetHints":{"allow":["GET"]}}],"collection":[{"href":"https:\/\/agpnoticias.com\/news\/index.php?rest_route=\/wp\/v2\/posts"}],"about":[{"href":"https:\/\/agpnoticias.com\/news\/index.php?rest_route=\/wp\/v2\/types\/post"}],"author":[{"embeddable":true,"href":"https:\/\/agpnoticias.com\/news\/index.php?rest_route=\/wp\/v2\/users\/1"}],"replies":[{"embeddable":true,"href":"https:\/\/agpnoticias.com\/news\/index.php?rest_route=%2Fwp%2Fv2%2Fcomments&post=2992201"}],"version-history":[{"count":1,"href":"https:\/\/agpnoticias.com\/news\/index.php?rest_route=\/wp\/v2\/posts\/2992201\/revisions"}],"predecessor-version":[{"id":2992203,"href":"https:\/\/agpnoticias.com\/news\/index.php?rest_route=\/wp\/v2\/posts\/2992201\/revisions\/2992203"}],"wp:featuredmedia":[{"embeddable":true,"href":"https:\/\/agpnoticias.com\/news\/index.php?rest_route=\/wp\/v2\/media\/2992202"}],"wp:attachment":[{"href":"https:\/\/agpnoticias.com\/news\/index.php?rest_route=%2Fwp%2Fv2%2Fmedia&parent=2992201"}],"wp:term":[{"taxonomy":"category","embeddable":true,"href":"https:\/\/agpnoticias.com\/news\/index.php?rest_route=%2Fwp%2Fv2%2Fcategories&post=2992201"},{"taxonomy":"post_tag","embeddable":true,"href":"https:\/\/agpnoticias.com\/news\/index.php?rest_route=%2Fwp%2Fv2%2Ftags&post=2992201"}],"curies":[{"name":"wp","href":"https:\/\/api.w.org\/{rel}","templated":true}]}}