{"id":2992309,"date":"2026-02-17T18:32:48","date_gmt":"2026-02-18T02:32:48","guid":{"rendered":"https:\/\/agpnoticias.com\/news\/?p=2992309"},"modified":"2026-02-17T18:32:51","modified_gmt":"2026-02-18T02:32:51","slug":"el-show-de-vinicius-en-la-victoria-del-madrid-tambien-gano-el-campeon-psg-en-la-champions-league","status":"publish","type":"post","link":"https:\/\/agpnoticias.com\/news\/?p=2992309","title":{"rendered":"El show de Vin\u00edcius en la victoria del Madrid; tambi\u00e9n gan\u00f3 el campe\u00f3n PSG en la Champions League"},"content":{"rendered":"\n<p>Lisboa, Portugal.- Los playoffs de la Liga de Campeones se vieron ensombrecidos por acusaciones de racismo hacia el jugador del Real Madrid Vinicius Junior en escenas de enojo despu\u00e9s de que el brasile\u00f1o anotara un brillante gol de la victoria contra el Benfica el martes.<\/p>\n\n\n\n<p>El juego se detuvo cuando Vinicius afirm\u00f3 que hab\u00eda sido insultado racialmente por un oponente durante la victoria del Madrid por 1-0.<\/p>\n\n\n\n<p>\u201cHa pasado por esto varias veces a lo largo de su carrera y lo ha gestionado de forma excelente. Pero que esto contin\u00fae y que haya ocurrido esta noche es una verg\u00fcenza para el f\u00fatbol\u201d, declar\u00f3 el defensa del Madrid Trent Alexander-Arnold a Amazon.<\/p>\n\n\n\n<figure class=\"wp-block-embed is-type-video is-provider-youtube wp-block-embed-youtube wp-embed-aspect-16-9 wp-has-aspect-ratio\"><div class=\"wp-block-embed__wrapper\">\n<iframe title=\"RESUMEN: BENFICA 0-1 REAL MADRID | PLAY-OFFS I IDA | UEFA CHAMPIONS LEAGUE\" width=\"640\" height=\"360\" src=\"https:\/\/www.youtube.com\/embed\/cqGJ-fmkuSI?feature=oembed\" frameborder=\"0\" allow=\"accelerometer; autoplay; clipboard-write; encrypted-media; gyroscope; picture-in-picture; web-share\" referrerpolicy=\"strict-origin-when-cross-origin\" allowfullscreen><\/iframe>\n<\/div><\/figure>\n\n\n\n<p>La defensa del t\u00edtulo del Paris Saint-Germain parec\u00eda desmoronarse cuando perd\u00eda 2-0 en M\u00f3naco hasta que Desire Doue sali\u00f3 desde el banquillo para inspirar una victoria por 3-2.<\/p>\n\n\n\n<p>El Galatasaray venci\u00f3 5-2 a la Juventus y el Borussia Dortmund gan\u00f3 2-0 al Atalanta.<\/p>\n\n\n\n<p><strong>Acusaciones de racismo en el Benfica-Madrid<br><\/strong>Vinicius acababa de marcar un golazo en la escuadra para dar al Madrid, 15 veces campe\u00f3n del mundo, la ventaja en el partido de ida de su playoff contra el Benfica en el Estadio de la Luz.<\/p>\n\n\n\n<p>\u00c9l y sus compa\u00f1eros celebraron a lo grande, con el delantero bailando en la esquina.<\/p>\n\n\n\n<p>Lo que sigui\u00f3 fueron escenas desagradables que llevaron a Vinicius a informar al \u00e1rbitro Fran\u00e7ois Letexier de un comentario racista. Parec\u00eda se\u00f1alar al jugador argentino Gianluca Prestianni al quejarse con el \u00e1rbitro, quien se cruz\u00f3 de brazos en se\u00f1al de protocolo antirracismo.<\/p>\n\n\n\n<p>Previamente, Prestianni se hab\u00eda acercado a Vinicius tap\u00e1ndole la boca con la camiseta.<\/p>\n\n\n\n<p>El entrenador del Benfica, Jos\u00e9 Mourinho, que tambi\u00e9n habl\u00f3 con Vinicius, dijo que su jugador neg\u00f3 la acusaci\u00f3n de racismo.<\/p>\n\n\n\n<p>\u201cMe dijeron cosas diferentes\u201d, dijo, a\u00f1adiendo que quer\u00eda ser independiente.<\/p>\n\n\n\n<p>Pero en referencia a ocasiones anteriores en las que Vinicius ha sido objeto de burlas racistas, Mourinho dijo: \u00abPero algo anda mal porque pasa en todos los estadios\u2026 En el estadio donde jug\u00f3 Vinicius, pas\u00f3 algo. Siempre\u00bb.<\/p>\n\n\n\n<p>Vinicius se sent\u00f3 solo en el banquillo antes de que el juego se reanudara sin que ning\u00fan jugador fuera expulsado como consecuencia de sus reclamaciones.<\/p>\n\n\n\n<p><strong>El PSG sobrevive al susto<br><\/strong>El campe\u00f3n defensor est\u00e1 trabajando duro para defender su t\u00edtulo.<\/p>\n\n\n\n<p>Al no avanzar directamente a octavos de final tras la fase liguera, el equipo de Luis Enrique tuvo que negociar un desempate \u00edntegramente franc\u00e9s contra el M\u00f3naco. Y a pesar del dominio del PSG en la liga francesa, perd\u00eda 2-0 a los 18 minutos en el Stade Louis-II.<\/p>\n\n\n\n<p>El delantero estadounidense Folarin Balogun adelant\u00f3 a M\u00f3naco de cabeza al minuto siguiente y luego duplic\u00f3 la ventaja del equipo local.<\/p>\n\n\n\n<figure class=\"wp-block-embed is-type-video is-provider-youtube wp-block-embed-youtube wp-embed-aspect-16-9 wp-has-aspect-ratio\"><div class=\"wp-block-embed__wrapper\">\n<iframe title=\"RESUMEN: AS MONACO 2-3 PSG I PLAY-OFFS I IDA I UEFA CHAMPIONS LEAGUE\" width=\"640\" height=\"360\" src=\"https:\/\/www.youtube.com\/embed\/r3SYih8RIaw?feature=oembed\" frameborder=\"0\" allow=\"accelerometer; autoplay; clipboard-write; encrypted-media; gyroscope; picture-in-picture; web-share\" referrerpolicy=\"strict-origin-when-cross-origin\" allowfullscreen><\/iframe>\n<\/div><\/figure>\n\n\n\n<p>Despu\u00e9s de que Vitinha no consiguiera marcar desde el punto de penalti, Luis Enrique mand\u00f3 a buscar a Doue en el 27.<\/p>\n\n\n\n<p>En dos minutos hab\u00eda acortado distancias y cuando otro de sus disparos fue salvado poco antes del descanso, Achraf Hakimi marc\u00f3 el gol del empate.<\/p>\n\n\n\n<p>M\u00f3naco se qued\u00f3 con 10 hombres al comienzo de la segunda mitad cuando Aleksandr Golovin fue expulsado y Doue anot\u00f3 el gol de la victoria con otra definici\u00f3n cl\u00ednica en el minuto 67.<\/p>\n\n\n\n<p>\u201cLo m\u00e1s importante no fue mi juego. Lo m\u00e1s importante es la victoria. Hicimos el trabajo, as\u00ed que estamos muy contentos. Mi trabajo es ayudar al equipo\u201d, dijo Doue.<\/p>\n\n\n\n<p><strong>Una mala noche para los equipos italianos<br><\/strong>El Galatasaray dej\u00f3 a la Juventus al borde de la eliminaci\u00f3n con una alocada remontada en Estambul.<\/p>\n\n\n\n<p>Con un 2-1 en contra al descanso en el partido de playoffs en el RAMS Park, el gigante turco reaccion\u00f3 tras el descanso. Noa Lang anot\u00f3 dos de los cuatro goles del Galatasaray en la segunda mitad para sorprender a la Juve, bicampeona de Europa.<\/p>\n\n\n\n<p>El Galatasaray llega con una ventaja de tres goles al partido de vuelta en Tur\u00edn la pr\u00f3xima semana y tiene la oportunidad de avanzar a los octavos de final por primera vez desde 2014.<\/p>\n\n\n\n<p>La Juventus respondi\u00f3 bien tras ir perdiendo por un gol gracias a Gabriel Sara a los 15 minutos, mientras que Teun Koopmeiners igual\u00f3 un minuto despu\u00e9s y a\u00f1adi\u00f3 otro antes del descanso.<\/p>\n\n\n\n<p>Pero el Galatasaray tom\u00f3 el control en la segunda mitad. Lang empat\u00f3 cuatro minutos despu\u00e9s de la reanudaci\u00f3n, anotando a corta distancia.<\/p>\n\n\n\n<figure class=\"wp-block-embed is-type-video is-provider-youtube wp-block-embed-youtube wp-embed-aspect-16-9 wp-has-aspect-ratio\"><div class=\"wp-block-embed__wrapper\">\n<iframe title=\"RESUMEN: GALATASARAY 5-2 JUVENTUS | PLAY-OFFS | IDA I UEFA CHAMPIONS LEAGUE\" width=\"640\" height=\"360\" src=\"https:\/\/www.youtube.com\/embed\/hKq8ligZvCk?feature=oembed\" frameborder=\"0\" allow=\"accelerometer; autoplay; clipboard-write; encrypted-media; gyroscope; picture-in-picture; web-share\" referrerpolicy=\"strict-origin-when-cross-origin\" allowfullscreen><\/iframe>\n<\/div><\/figure>\n\n\n\n<p>Davinson S\u00e1nchez adelant\u00f3 al equipo local a la hora de juego y el desaf\u00edo de la Juventus se hizo a\u00fan m\u00e1s dif\u00edcil cuando Juan Cabal fue expulsado a los 22 minutos de entrar como suplente en el descanso.<\/p>\n\n\n\n<p>Lang consigui\u00f3 su segundo gol al aprovechar un juego descuidado de la defensa de la Juventus en su propia \u00e1rea y Sacha Boey remat\u00f3 desde el \u00e1ngulo en el 86.<\/p>\n\n\n\n<figure class=\"wp-block-embed is-type-video is-provider-youtube wp-block-embed-youtube wp-embed-aspect-16-9 wp-has-aspect-ratio\"><div class=\"wp-block-embed__wrapper\">\n<iframe title=\"RESUMEN: BVB 2-0 ATALANTA | PLAY-OFFS I IDA | UEFA CHAMPIONS LEAGUE\" width=\"640\" height=\"360\" src=\"https:\/\/www.youtube.com\/embed\/3Lg6LR0eoIY?feature=oembed\" frameborder=\"0\" allow=\"accelerometer; autoplay; clipboard-write; encrypted-media; gyroscope; picture-in-picture; web-share\" referrerpolicy=\"strict-origin-when-cross-origin\" allowfullscreen><\/iframe>\n<\/div><\/figure>\n\n\n\n<p>El Dortmund tiene el control contra el Atalanta despu\u00e9s de que los goles de Serhou Guirassy y Maximilian Beier le dieran a los alemanes una ventaja de 2-0 de cara al partido de vuelta de la pr\u00f3xima semana en Italia.<\/p>\n\n\n\n<p>Informaci\u00f3n: AP.<\/p>\n","protected":false},"excerpt":{"rendered":"<p>Lisboa, Portugal.- Los playoffs de la Liga de Campeones se vieron ensombrecidos por acusaciones de&#8230;<\/p>\n","protected":false},"author":1,"featured_media":2992310,"comment_status":"closed","ping_status":"closed","sticky":false,"template":"","format":"video","meta":{"footnotes":""},"categories":[1153,32,1144,1151,1152],"tags":[],"class_list":["post-2992309","post","type-post","status-publish","format-video","has-post-thumbnail","hentry","category-uefa-champions-league","category-soccer","category-futbol-internacional","category-portada","category-editor-seleccion","post_format-post-format-video"],"_links":{"self":[{"href":"https:\/\/agpnoticias.com\/news\/index.php?rest_route=\/wp\/v2\/posts\/2992309","targetHints":{"allow":["GET"]}}],"collection":[{"href":"https:\/\/agpnoticias.com\/news\/index.php?rest_route=\/wp\/v2\/posts"}],"about":[{"href":"https:\/\/agpnoticias.com\/news\/index.php?rest_route=\/wp\/v2\/types\/post"}],"author":[{"embeddable":true,"href":"https:\/\/agpnoticias.com\/news\/index.php?rest_route=\/wp\/v2\/users\/1"}],"replies":[{"embeddable":true,"href":"https:\/\/agpnoticias.com\/news\/index.php?rest_route=%2Fwp%2Fv2%2Fcomments&post=2992309"}],"version-history":[{"count":1,"href":"https:\/\/agpnoticias.com\/news\/index.php?rest_route=\/wp\/v2\/posts\/2992309\/revisions"}],"predecessor-version":[{"id":2992311,"href":"https:\/\/agpnoticias.com\/news\/index.php?rest_route=\/wp\/v2\/posts\/2992309\/revisions\/2992311"}],"wp:featuredmedia":[{"embeddable":true,"href":"https:\/\/agpnoticias.com\/news\/index.php?rest_route=\/wp\/v2\/media\/2992310"}],"wp:attachment":[{"href":"https:\/\/agpnoticias.com\/news\/index.php?rest_route=%2Fwp%2Fv2%2Fmedia&parent=2992309"}],"wp:term":[{"taxonomy":"category","embeddable":true,"href":"https:\/\/agpnoticias.com\/news\/index.php?rest_route=%2Fwp%2Fv2%2Fcategories&post=2992309"},{"taxonomy":"post_tag","embeddable":true,"href":"https:\/\/agpnoticias.com\/news\/index.php?rest_route=%2Fwp%2Fv2%2Ftags&post=2992309"}],"curies":[{"name":"wp","href":"https:\/\/api.w.org\/{rel}","templated":true}]}}