{"id":2992601,"date":"2026-02-27T11:04:00","date_gmt":"2026-02-27T19:04:00","guid":{"rendered":"https:\/\/agpnoticias.com\/news\/?p=2992601"},"modified":"2026-02-27T11:04:04","modified_gmt":"2026-02-27T19:04:04","slug":"aprueban-en-baja-california-reduccion-gradual-de-la-jornada-laboral-mexico-avanza-hacia-semana-de-40-horas","status":"publish","type":"post","link":"https:\/\/agpnoticias.com\/news\/?p=2992601","title":{"rendered":"Aprueban en Baja California reducci\u00f3n gradual de la jornada laboral; M\u00e9xico avanza hacia semana de 40 horas"},"content":{"rendered":"\n<p>Mexicali, Baja California.- El Congreso de Baja California dio luz verde a la reforma constitucional que permitir\u00e1 reducir de manera gradual la jornada laboral en M\u00e9xico, una medida que busca transformar las condiciones de trabajo y otorgar mayor tiempo de descanso y convivencia familiar a millones de trabajadores.<\/p>\n\n\n\n<p>La modificaci\u00f3n al Art\u00edculo 123 de la Constituci\u00f3n forma parte de un proyecto federal que plantea alcanzar, de manera progresiva, una jornada m\u00e1xima de <strong>40 horas semanales hacia el a\u00f1o 2030<\/strong>, iniciando con ajustes paulatinos a partir de 2026.<\/p>\n\n\n\n<p>Con esta reforma tambi\u00e9n se establecen nuevas reglas para el trabajo extraordinario. Las horas extra no podr\u00e1n superar <strong>las doce horas por semana<\/strong>, distribuidas en un m\u00e1ximo de cuatro horas diarias. Adem\u00e1s, deber\u00e1n pagarse al doble del salario normal y, en caso de exceder ese l\u00edmite, el pago deber\u00e1 incrementarse hasta el triple, reconociendo as\u00ed el esfuerzo adicional de los trabajadores.<\/p>\n\n\n\n<p>Otro de los puntos relevantes es el reforzamiento de la prohibici\u00f3n para que menores de 18 a\u00f1os realicen labores extraordinarias, medida que busca proteger a este sector de posibles abusos laborales.<\/p>\n\n\n\n<p>La reducci\u00f3n de la jornada laboral representa uno de los cambios m\u00e1s importantes en materia de derechos laborales en las \u00faltimas d\u00e9cadas, al buscar un equilibrio entre el trabajo y la vida personal, permitiendo mayor tiempo para la familia, la salud y el desarrollo individual.<\/p>\n\n\n\n<p>Con la aprobaci\u00f3n de los congresos estatales, el pa\u00eds avanza en el proceso constitucional necesario para concretar esta reforma de alcance nacional, que coloca a M\u00e9xico en l\u00ednea con est\u00e1ndares internacionales sobre bienestar y productividad laboral.<\/p>\n","protected":false},"excerpt":{"rendered":"<p>Mexicali, Baja California.- El Congreso de Baja California dio luz verde a la reforma constitucional&#8230;<\/p>\n","protected":false},"author":1,"featured_media":2992602,"comment_status":"closed","ping_status":"closed","sticky":false,"template":"","format":"standard","meta":{"footnotes":""},"categories":[1],"tags":[],"class_list":["post-2992601","post","type-post","status-publish","format-standard","has-post-thumbnail","hentry","category-uncategorized"],"_links":{"self":[{"href":"https:\/\/agpnoticias.com\/news\/index.php?rest_route=\/wp\/v2\/posts\/2992601","targetHints":{"allow":["GET"]}}],"collection":[{"href":"https:\/\/agpnoticias.com\/news\/index.php?rest_route=\/wp\/v2\/posts"}],"about":[{"href":"https:\/\/agpnoticias.com\/news\/index.php?rest_route=\/wp\/v2\/types\/post"}],"author":[{"embeddable":true,"href":"https:\/\/agpnoticias.com\/news\/index.php?rest_route=\/wp\/v2\/users\/1"}],"replies":[{"embeddable":true,"href":"https:\/\/agpnoticias.com\/news\/index.php?rest_route=%2Fwp%2Fv2%2Fcomments&post=2992601"}],"version-history":[{"count":1,"href":"https:\/\/agpnoticias.com\/news\/index.php?rest_route=\/wp\/v2\/posts\/2992601\/revisions"}],"predecessor-version":[{"id":2992603,"href":"https:\/\/agpnoticias.com\/news\/index.php?rest_route=\/wp\/v2\/posts\/2992601\/revisions\/2992603"}],"wp:featuredmedia":[{"embeddable":true,"href":"https:\/\/agpnoticias.com\/news\/index.php?rest_route=\/wp\/v2\/media\/2992602"}],"wp:attachment":[{"href":"https:\/\/agpnoticias.com\/news\/index.php?rest_route=%2Fwp%2Fv2%2Fmedia&parent=2992601"}],"wp:term":[{"taxonomy":"category","embeddable":true,"href":"https:\/\/agpnoticias.com\/news\/index.php?rest_route=%2Fwp%2Fv2%2Fcategories&post=2992601"},{"taxonomy":"post_tag","embeddable":true,"href":"https:\/\/agpnoticias.com\/news\/index.php?rest_route=%2Fwp%2Fv2%2Ftags&post=2992601"}],"curies":[{"name":"wp","href":"https:\/\/api.w.org\/{rel}","templated":true}]}}