{"id":2992663,"date":"2026-03-01T19:45:20","date_gmt":"2026-03-02T03:45:20","guid":{"rendered":"https:\/\/agpnoticias.com\/news\/?p=2992663"},"modified":"2026-03-02T20:02:27","modified_gmt":"2026-03-03T04:02:27","slug":"despedido-osorio-despues-de-tres-meses-de-gestion-por-el-remo-de-brasil","status":"publish","type":"post","link":"https:\/\/agpnoticias.com\/news\/?p=2992663","title":{"rendered":"Despedido Osorio despu\u00e9s de tres meses de gesti\u00f3n por el Remo de Brasil"},"content":{"rendered":"\n<p>El entrenador colombiano Juan Carlos Osorio fue destituido este domingo como director t\u00e9cnico del Clube do Remo despu\u00e9s de una nueva derrota en el Campeonato Paraense 2026 contra Paysandu, 1-2, este domingo en la ida de la final del Paraense, y tras una racha de resultados que no convencieron a la dirigencia ni a parte de la afici\u00f3n.<\/p>\n\n\n\n<p>Osorio fue anunciado como t\u00e9cnico del Remo en diciembre de 2025, pero su ciclo termin\u00f3 apenas tres meses despu\u00e9s, el 1 de marzo de 2026, tras esta nueva derrota.<\/p>\n\n\n\n<p>\u201cJuan Carlos Osorio ya no es el entrenador del Clube do Remo. El club le agradece sus servicios y le desea mucho \u00e9xito en su carrera. La directiva ya est\u00e1 trabajando para encontrar un nuevo entrenador para lo que resta de temporada\u201d, dice el club en un comunicado.<\/p>\n\n\n\n<p>La gesti\u00f3n del t\u00e9cnico colombiano tambi\u00e9n estuvo marcada por decisiones controvertidas dentro del plantel. Por ejemplo, tras el empate con el Internacional, Osorio opt\u00f3 por apartar del equipo al lateral brasile\u00f1o S\u00e1vio, argumentando motivos de indisciplina, lo que gener\u00f3 un fuerte debate entre los hinchas y el propio jugador, quien neg\u00f3 haber tenido falta de compromiso con el club.<\/p>\n\n\n\n<p>Informaci\u00f3n: El Tiempo.<\/p>\n","protected":false},"excerpt":{"rendered":"<p>El entrenador colombiano Juan Carlos Osorio fue destituido este domingo como director t\u00e9cnico del Clube&#8230;<\/p>\n","protected":false},"author":1,"featured_media":2992664,"comment_status":"closed","ping_status":"closed","sticky":false,"template":"","format":"standard","meta":{"footnotes":""},"categories":[32,1144,1151],"tags":[907],"class_list":["post-2992663","post","type-post","status-publish","format-standard","has-post-thumbnail","hentry","category-soccer","category-futbol-internacional","category-portada","tag-tendencia"],"_links":{"self":[{"href":"https:\/\/agpnoticias.com\/news\/index.php?rest_route=\/wp\/v2\/posts\/2992663","targetHints":{"allow":["GET"]}}],"collection":[{"href":"https:\/\/agpnoticias.com\/news\/index.php?rest_route=\/wp\/v2\/posts"}],"about":[{"href":"https:\/\/agpnoticias.com\/news\/index.php?rest_route=\/wp\/v2\/types\/post"}],"author":[{"embeddable":true,"href":"https:\/\/agpnoticias.com\/news\/index.php?rest_route=\/wp\/v2\/users\/1"}],"replies":[{"embeddable":true,"href":"https:\/\/agpnoticias.com\/news\/index.php?rest_route=%2Fwp%2Fv2%2Fcomments&post=2992663"}],"version-history":[{"count":1,"href":"https:\/\/agpnoticias.com\/news\/index.php?rest_route=\/wp\/v2\/posts\/2992663\/revisions"}],"predecessor-version":[{"id":2992665,"href":"https:\/\/agpnoticias.com\/news\/index.php?rest_route=\/wp\/v2\/posts\/2992663\/revisions\/2992665"}],"wp:featuredmedia":[{"embeddable":true,"href":"https:\/\/agpnoticias.com\/news\/index.php?rest_route=\/wp\/v2\/media\/2992664"}],"wp:attachment":[{"href":"https:\/\/agpnoticias.com\/news\/index.php?rest_route=%2Fwp%2Fv2%2Fmedia&parent=2992663"}],"wp:term":[{"taxonomy":"category","embeddable":true,"href":"https:\/\/agpnoticias.com\/news\/index.php?rest_route=%2Fwp%2Fv2%2Fcategories&post=2992663"},{"taxonomy":"post_tag","embeddable":true,"href":"https:\/\/agpnoticias.com\/news\/index.php?rest_route=%2Fwp%2Fv2%2Ftags&post=2992663"}],"curies":[{"name":"wp","href":"https:\/\/api.w.org\/{rel}","templated":true}]}}