{"id":2992811,"date":"2026-03-04T21:38:24","date_gmt":"2026-03-05T05:38:24","guid":{"rendered":"https:\/\/agpnoticias.com\/news\/?p=2992811"},"modified":"2026-03-04T21:40:32","modified_gmt":"2026-03-05T05:40:32","slug":"el-america-en-picada-cae-en-casa-con-el-juarez","status":"publish","type":"post","link":"https:\/\/agpnoticias.com\/news\/?p=2992811","title":{"rendered":"El Am\u00e9rica en picada: Cae en casa con el Ju\u00e1rez"},"content":{"rendered":"\n<p>Ciudad de M\u00e9xico.- Es el peor momento de Andre Jardine al frente del Am\u00e9rica.<\/p>\n\n\n\n<p>Perdi\u00f3 con los Bravos 2-1 como local. Es su quinta derrota en nueve juegos del torneo Clausura 2026 y s\u00f3lo ha sumado 11 puntos.<\/p>\n\n\n\n<p>Apenas el fin de semana los Tigres se hab\u00edan metido de visitantes al Estadio de la Ciudad de los Deportes para golear a las \u00c1guilas 4-1 y el Ju\u00e1rez acentu\u00f3 su crisis.<\/p>\n\n\n\n<p>Jairo Torres (5\u2019) abri\u00f3 el marcador muy temprano para adelantar a la visita. Alejandro Zendejas (69\u2019) reapareci\u00f3 como recambio en el segundo tiempo y empat\u00f3 el juego con su jugada cl\u00e1sica, fintando y pateando abajo, cruzado.<\/p>\n\n\n\n<figure class=\"wp-block-embed is-type-video is-provider-youtube wp-block-embed-youtube wp-embed-aspect-16-9 wp-has-aspect-ratio\"><div class=\"wp-block-embed__wrapper\">\n<iframe title=\"Resumen y goles - Am\u00e9rica 1-2 Ju\u00e1rez | Liga MX - Jornada 9 Clausura 2026 | TUDN\" width=\"640\" height=\"360\" src=\"https:\/\/www.youtube.com\/embed\/6cdJv66ZZ8Y?feature=oembed\" frameborder=\"0\" allow=\"accelerometer; autoplay; clipboard-write; encrypted-media; gyroscope; picture-in-picture; web-share\" referrerpolicy=\"strict-origin-when-cross-origin\" allowfullscreen><\/iframe>\n<\/div><\/figure>\n\n\n\n<p>En tiempo agregado, otro jugador de recambio, Guilherme Castilho (90\u2019+3\u2019) sell\u00f3 el triunfo juarense.<\/p>\n\n\n\n<p>La crisis del Am\u00e9rica no es solo de resultado. Tampoco funciona. Fuera de la jugada del gol (toda de Zendejas), poco o nada fue lo generado frente al arco de Sebasti\u00e1n Jurado.<\/p>\n\n\n\n<p>Su pr\u00f3xima cita ser\u00e1 en Quer\u00e9taro, el s\u00e1bado.<\/p>\n\n\n\n<p>El Ju\u00e1rez, con 10 puntos, tiene otra prueba de exigencia el domingo, cuando visite al campe\u00f3n Toluca.<\/p>\n","protected":false},"excerpt":{"rendered":"<p>Ciudad de M\u00e9xico.- Es el peor momento de Andre Jardine al frente del Am\u00e9rica. Perdi\u00f3&#8230;<\/p>\n","protected":false},"author":1,"featured_media":2992812,"comment_status":"closed","ping_status":"closed","sticky":false,"template":"","format":"video","meta":{"footnotes":""},"categories":[32,1081,1151,1152],"tags":[],"class_list":["post-2992811","post","type-post","status-publish","format-video","has-post-thumbnail","hentry","category-soccer","category-liga-mx","category-portada","category-editor-seleccion","post_format-post-format-video"],"_links":{"self":[{"href":"https:\/\/agpnoticias.com\/news\/index.php?rest_route=\/wp\/v2\/posts\/2992811","targetHints":{"allow":["GET"]}}],"collection":[{"href":"https:\/\/agpnoticias.com\/news\/index.php?rest_route=\/wp\/v2\/posts"}],"about":[{"href":"https:\/\/agpnoticias.com\/news\/index.php?rest_route=\/wp\/v2\/types\/post"}],"author":[{"embeddable":true,"href":"https:\/\/agpnoticias.com\/news\/index.php?rest_route=\/wp\/v2\/users\/1"}],"replies":[{"embeddable":true,"href":"https:\/\/agpnoticias.com\/news\/index.php?rest_route=%2Fwp%2Fv2%2Fcomments&post=2992811"}],"version-history":[{"count":2,"href":"https:\/\/agpnoticias.com\/news\/index.php?rest_route=\/wp\/v2\/posts\/2992811\/revisions"}],"predecessor-version":[{"id":2992814,"href":"https:\/\/agpnoticias.com\/news\/index.php?rest_route=\/wp\/v2\/posts\/2992811\/revisions\/2992814"}],"wp:featuredmedia":[{"embeddable":true,"href":"https:\/\/agpnoticias.com\/news\/index.php?rest_route=\/wp\/v2\/media\/2992812"}],"wp:attachment":[{"href":"https:\/\/agpnoticias.com\/news\/index.php?rest_route=%2Fwp%2Fv2%2Fmedia&parent=2992811"}],"wp:term":[{"taxonomy":"category","embeddable":true,"href":"https:\/\/agpnoticias.com\/news\/index.php?rest_route=%2Fwp%2Fv2%2Fcategories&post=2992811"},{"taxonomy":"post_tag","embeddable":true,"href":"https:\/\/agpnoticias.com\/news\/index.php?rest_route=%2Fwp%2Fv2%2Ftags&post=2992811"}],"curies":[{"name":"wp","href":"https:\/\/api.w.org\/{rel}","templated":true}]}}