{"id":2992963,"date":"2026-03-07T20:52:28","date_gmt":"2026-03-08T04:52:28","guid":{"rendered":"https:\/\/agpnoticias.com\/news\/?p=2992963"},"modified":"2026-03-07T20:52:31","modified_gmt":"2026-03-08T04:52:31","slug":"genialidad-de-lamine-yamal-da-al-barcelona-el-triunfo-en-bilbao-para-volver-ampliar-su-ventaja","status":"publish","type":"post","link":"https:\/\/agpnoticias.com\/news\/?p=2992963","title":{"rendered":"Genialidad de Lamine Yamal da al Barcelona el triunfo en Bilbao para volver ampliar su ventaja"},"content":{"rendered":"\n<p>Bilbao, Espa\u00f1a.- Lamine Yamal demostr\u00f3 una vez m\u00e1s su capacidad para decidir un partido cuando la estrella adolescente del Barcelona rompi\u00f3 el empate con un magn\u00edfico gol para obtener una victoria por 1-0 como visitante del Athletic Bilbao el s\u00e1bado.<\/p>\n\n\n\n<p>El partido estaba muy abierto con el Athletic atacando en oleadas en su Estadio de San Mam\u00e9s antes de que Yamal inclinara el partido a favor del l\u00edder de La Liga.<\/p>\n\n\n\n<p>El delantero espa\u00f1ol de 18 a\u00f1os recibi\u00f3 un pase de Pedri Gonz\u00e1lez que finalmente le dej\u00f3 espacio para trabajar en el lado derecho del \u00e1rea, donde us\u00f3 un toque para abrir un \u00e1ngulo de tiro antes de disparar con la zurda al borde superior del segundo poste.<\/p>\n\n\n\n<p>El gol de la victoria en el minuto 68 mantuvo al equipo de Hansi Flick cuatro puntos por delante del Real Madrid, segundo clasificado, y en camino de defender con \u00e9xito su t\u00edtulo nacional. En la jornada anterior, Yamal anot\u00f3 su primer triplete en una victoria liguera, en el 4-1 contra el Villarreal.<\/p>\n\n\n\n<figure class=\"wp-block-embed is-type-video is-provider-youtube wp-block-embed-youtube wp-embed-aspect-16-9 wp-has-aspect-ratio\"><div class=\"wp-block-embed__wrapper\">\n<iframe title=\"ATHLETIC CLUB 0 - 1 FC BARCELONA | RESUMEN LALIGA EA SPORTS\" width=\"640\" height=\"360\" src=\"https:\/\/www.youtube.com\/embed\/nWmCmNw7d4M?feature=oembed\" frameborder=\"0\" allow=\"accelerometer; autoplay; clipboard-write; encrypted-media; gyroscope; picture-in-picture; web-share\" referrerpolicy=\"strict-origin-when-cross-origin\" allowfullscreen><\/iframe>\n<\/div><\/figure>\n\n\n\n<p>Sus 19 goles esta temporada son ya uno m\u00e1s de los que marc\u00f3 en toda la campa\u00f1a pasada.<\/p>\n\n\n\n<p>\u201cSabemos lo que Lamine puede hacer. Simplemente la meti\u00f3 en la esquina, donde el portero no pudo alcanzarla\u201d, dijo Pedri. \u201cLo \u00fanico que debe evitar es conformarse con lo que ya ha hecho. Solo necesita seguir trabajando duro para darlo todo\u201d.<\/p>\n\n\n\n<p>La trabajada victoria a domicilio en el club vasco se produjo cuatro d\u00edas despu\u00e9s de que el Barcelona perdiera en las semifinales de la Copa del Rey ante el Atl\u00e9tico de Madrid.<\/p>\n\n\n\n<p>Flick dio descanso a algunos de sus titulares habituales antes del viaje del Barcelona a Newcastle el martes para comenzar su partido de octavos de final de la Champions League. Pedri, Raphinha y Ferm\u00edn L\u00f3pez permanecieron en el banquillo hasta la \u00faltima media hora. Marcus Rashford, Marc Bernal y Marc Casad\u00f3 fueron titulares en su lugar.<\/p>\n\n\n\n<p>\u00c9ric Garc\u00eda y Jo\u00e3o Cancelo tambi\u00e9n fueron titulares en sustituci\u00f3n de los laterales lesionados Jules Kound\u00e9 y Alejandro Balde.<\/p>\n\n\n\n<p>El Barcelona necesitaba que el portero Joan Garc\u00eda mantuviera el partido sin goles hasta que apareci\u00f3 Yamal.<\/p>\n\n\n\n<p>Informaci\u00f3n: AP.<\/p>\n","protected":false},"excerpt":{"rendered":"<p>Bilbao, Espa\u00f1a.- Lamine Yamal demostr\u00f3 una vez m\u00e1s su capacidad para decidir un partido cuando&#8230;<\/p>\n","protected":false},"author":1,"featured_media":2992964,"comment_status":"closed","ping_status":"closed","sticky":false,"template":"","format":"video","meta":{"footnotes":""},"categories":[32,1144,1151],"tags":[],"class_list":["post-2992963","post","type-post","status-publish","format-video","has-post-thumbnail","hentry","category-soccer","category-futbol-internacional","category-portada","post_format-post-format-video"],"_links":{"self":[{"href":"https:\/\/agpnoticias.com\/news\/index.php?rest_route=\/wp\/v2\/posts\/2992963","targetHints":{"allow":["GET"]}}],"collection":[{"href":"https:\/\/agpnoticias.com\/news\/index.php?rest_route=\/wp\/v2\/posts"}],"about":[{"href":"https:\/\/agpnoticias.com\/news\/index.php?rest_route=\/wp\/v2\/types\/post"}],"author":[{"embeddable":true,"href":"https:\/\/agpnoticias.com\/news\/index.php?rest_route=\/wp\/v2\/users\/1"}],"replies":[{"embeddable":true,"href":"https:\/\/agpnoticias.com\/news\/index.php?rest_route=%2Fwp%2Fv2%2Fcomments&post=2992963"}],"version-history":[{"count":1,"href":"https:\/\/agpnoticias.com\/news\/index.php?rest_route=\/wp\/v2\/posts\/2992963\/revisions"}],"predecessor-version":[{"id":2992965,"href":"https:\/\/agpnoticias.com\/news\/index.php?rest_route=\/wp\/v2\/posts\/2992963\/revisions\/2992965"}],"wp:featuredmedia":[{"embeddable":true,"href":"https:\/\/agpnoticias.com\/news\/index.php?rest_route=\/wp\/v2\/media\/2992964"}],"wp:attachment":[{"href":"https:\/\/agpnoticias.com\/news\/index.php?rest_route=%2Fwp%2Fv2%2Fmedia&parent=2992963"}],"wp:term":[{"taxonomy":"category","embeddable":true,"href":"https:\/\/agpnoticias.com\/news\/index.php?rest_route=%2Fwp%2Fv2%2Fcategories&post=2992963"},{"taxonomy":"post_tag","embeddable":true,"href":"https:\/\/agpnoticias.com\/news\/index.php?rest_route=%2Fwp%2Fv2%2Ftags&post=2992963"}],"curies":[{"name":"wp","href":"https:\/\/api.w.org\/{rel}","templated":true}]}}