{"id":2993254,"date":"2026-03-15T13:40:51","date_gmt":"2026-03-15T20:40:51","guid":{"rendered":"https:\/\/agpnoticias.com\/news\/?p=2993254"},"modified":"2026-03-15T13:40:53","modified_gmt":"2026-03-15T20:40:53","slug":"suspendida-la-finalisima-entre-argentina-y-espana","status":"publish","type":"post","link":"https:\/\/agpnoticias.com\/news\/?p=2993254","title":{"rendered":"Suspendida la Final\u00edsima entre Argentina y Espa\u00f1a"},"content":{"rendered":"\n<p>La UEFA anunci\u00f3 el domingo la cancelaci\u00f3n del partido entre Argentina y Espa\u00f1a, conocido como Final\u00edsima , que deb\u00eda celebrarse en Qatar, tras la escalada de la guerra en Oriente Medio.<\/p>\n\n\n\n<p>El partido entre Argentina, campeona sudamericana, y Espa\u00f1a, campeona europea, estaba programado para el 27 de marzo en Doha. Iba a ser un encuentro estelar entre los equipos liderados por Lionel Messi y Lamine Yamal, previo al Mundial de este verano en Norteam\u00e9rica.<\/p>\n\n\n\n<p>Pero la seguridad del partido se vio seriamente comprometida cuando Ir\u00e1n intensific\u00f3 sus ataques contra los pa\u00edses vecinos en represalia por los ataques a\u00e9reos de Estados Unidos e Israel, que ya se encuentran en su tercera semana.<\/p>\n\n\n\n<p>\u201cTras extensas conversaciones entre la UEFA y las autoridades organizadoras en Qatar, se anuncia hoy que, debido a la actual situaci\u00f3n pol\u00edtica en la regi\u00f3n, la Final\u00edsima entre Espa\u00f1a, campeona de la UEFA EURO 2024, y Argentina, campeona de la CONMEBOL Copa Am\u00e9rica 2024, no podr\u00e1 disputarse como estaba previsto en Qatar el 27 de marzo\u201d, declar\u00f3 la UEFA en un comunicado.<\/p>\n\n\n\n<p>Argentina y Espa\u00f1a iban a jugar en el Estadio Lusail, que alberg\u00f3 la \u00e9pica final del Mundial de 2022. Argentina gan\u00f3 en la tanda de penaltis contra Francia despu\u00e9s de que Messi anotara dos goles y Kylian Mbapp\u00e9 consiguiera un triplete en un emocionante empate 3-3.<\/p>\n\n\n\n<p>Seg\u00fan se inform\u00f3, se hab\u00edan considerado otras sedes como alternativas a Doha, incluida la capital de Espa\u00f1a. Sin embargo, la UEFA declar\u00f3 que todas las dem\u00e1s alternativas viables que explor\u00f3 \u201cresultaron finalmente inaceptables para la Asociaci\u00f3n del F\u00fatbol Argentino\u201d.<\/p>\n\n\n\n<p>\u201cLa primera opci\u00f3n era disputar el partido en el estadio Santiago Bernab\u00e9u de Madrid en la fecha original, con una distribuci\u00f3n equitativa de aficionados en las gradas\u201d, declar\u00f3 la UEFA. \u201cEsto habr\u00eda proporcionado un escenario de primer nivel, digno de un evento tan prestigioso, pero Argentina se neg\u00f3\u201d.<\/p>\n\n\n\n<p>Tambi\u00e9n se rechaz\u00f3 la opci\u00f3n de celebrar el evento en dos partidos: uno en Madrid el 27 de marzo y otro en Buenos Aires antes de la Eurocopa y la Copa Am\u00e9rica de 2028. Argentina hab\u00eda propuesto jugar el partido a finales de este a\u00f1o, despu\u00e9s del Mundial, pero Espa\u00f1a no ten\u00eda fechas disponibles.<\/p>\n\n\n\n<p>La Conmebol, organismo rector del f\u00fatbol sudamericano, declar\u00f3 el domingo en un comunicado que la Federaci\u00f3n Argentina de F\u00fatbol (AFA) recibi\u00f3 una oferta de la UEFA para disputar el partido en Italia el 27 de marzo, pero los vigentes campeones del mundo y de la Copa Am\u00e9rica replicaron que el encuentro deber\u00eda celebrarse el 31 de marzo.<\/p>\n\n\n\n<p>\u00abLamentablemente, la UEFA declar\u00f3 que el partido programado para el 31 \u2014tan solo cuatro d\u00edas despu\u00e9s de su oferta inicial\u2014 no era posible, por lo que la Final\u00edsima fue cancelada\u00bb, expres\u00f3 la confederaci\u00f3n sudamericana. \u201cCONMEBOL y AFA lamentan profundamente que, a pesar de todos los esfuerzos y el inter\u00e9s manifestado desde el primer momento por jugar el partido en campo neutral, no haya sido posible\u201d.<\/p>\n\n\n\n<p>Argentina gan\u00f3 la edici\u00f3n inaugural de la Final\u00edsima en 2022 con una victoria por 3-0 sobre Italia en el estadio de Wembley en Londres.<\/p>\n\n\n\n<p>La violencia en Oriente Medio , donde Ir\u00e1n est\u00e1 atacando a los estados \u00e1rabes del Golfo con drones y misiles, ha dejado a viajeros varados, ha perturbado los mercados econ\u00f3micos y ha disparado los precios del petr\u00f3leo.<\/p>\n\n\n\n<p>Tambi\u00e9n ha tenido un impacto en el mundo del deporte internacional m\u00e1s all\u00e1 de la Finalissima. Las carreras de F\u00f3rmula 1 en Bahr\u00e9in y Arabia Saud\u00ed, programadas para abril, se han cancelado debido a la guerra , mientras que el presidente Donald Trump ha sugerido que Ir\u00e1n no participe en la Copa Mundial de este verano, que es coorganizada por Estados Unidos.<\/p>\n\n\n\n<p>Informaci\u00f3n: AP.<\/p>\n","protected":false},"excerpt":{"rendered":"<p>La UEFA anunci\u00f3 el domingo la cancelaci\u00f3n del partido entre Argentina y Espa\u00f1a, conocido como&#8230;<\/p>\n","protected":false},"author":1,"featured_media":2993255,"comment_status":"closed","ping_status":"closed","sticky":false,"template":"","format":"standard","meta":{"footnotes":""},"categories":[32,1144,1151],"tags":[],"class_list":["post-2993254","post","type-post","status-publish","format-standard","has-post-thumbnail","hentry","category-soccer","category-futbol-internacional","category-portada"],"_links":{"self":[{"href":"https:\/\/agpnoticias.com\/news\/index.php?rest_route=\/wp\/v2\/posts\/2993254","targetHints":{"allow":["GET"]}}],"collection":[{"href":"https:\/\/agpnoticias.com\/news\/index.php?rest_route=\/wp\/v2\/posts"}],"about":[{"href":"https:\/\/agpnoticias.com\/news\/index.php?rest_route=\/wp\/v2\/types\/post"}],"author":[{"embeddable":true,"href":"https:\/\/agpnoticias.com\/news\/index.php?rest_route=\/wp\/v2\/users\/1"}],"replies":[{"embeddable":true,"href":"https:\/\/agpnoticias.com\/news\/index.php?rest_route=%2Fwp%2Fv2%2Fcomments&post=2993254"}],"version-history":[{"count":1,"href":"https:\/\/agpnoticias.com\/news\/index.php?rest_route=\/wp\/v2\/posts\/2993254\/revisions"}],"predecessor-version":[{"id":2993256,"href":"https:\/\/agpnoticias.com\/news\/index.php?rest_route=\/wp\/v2\/posts\/2993254\/revisions\/2993256"}],"wp:featuredmedia":[{"embeddable":true,"href":"https:\/\/agpnoticias.com\/news\/index.php?rest_route=\/wp\/v2\/media\/2993255"}],"wp:attachment":[{"href":"https:\/\/agpnoticias.com\/news\/index.php?rest_route=%2Fwp%2Fv2%2Fmedia&parent=2993254"}],"wp:term":[{"taxonomy":"category","embeddable":true,"href":"https:\/\/agpnoticias.com\/news\/index.php?rest_route=%2Fwp%2Fv2%2Fcategories&post=2993254"},{"taxonomy":"post_tag","embeddable":true,"href":"https:\/\/agpnoticias.com\/news\/index.php?rest_route=%2Fwp%2Fv2%2Ftags&post=2993254"}],"curies":[{"name":"wp","href":"https:\/\/api.w.org\/{rel}","templated":true}]}}