{"id":2993261,"date":"2026-03-15T15:16:32","date_gmt":"2026-03-15T22:16:32","guid":{"rendered":"https:\/\/agpnoticias.com\/news\/?p=2993261"},"modified":"2026-03-17T09:44:25","modified_gmt":"2026-03-17T16:44:25","slug":"exitoso-inicio-del-serial-trail-ens-en-ensenada","status":"publish","type":"post","link":"https:\/\/agpnoticias.com\/news\/?p=2993261","title":{"rendered":"Exitoso inicio del Serial Trail Ens en Ensenada"},"content":{"rendered":"\n<p>Ensenada, Baja California.- Con la participaci\u00f3n alrededor de 300 corredores, se realiz\u00f3 la primera fecha del Serial Trail Ens, competencia de trail running que tuvo como sede las instalaciones de CETYS Universidad campus Ensenada.<\/p>\n\n\n\n<p>El promotor del evento, \u00c9dgar Morales, explic\u00f3 que la idea de crear este serial surgi\u00f3 del crecimiento que ha tenido el running en la regi\u00f3n y del inter\u00e9s por acercar a m\u00e1s personas al trail running.<\/p>\n\n\n\n<p>\u201cSomos corredores de cerro y ya organiz\u00e1bamos otras carreras. Aprovechando que cada vez m\u00e1s gente est\u00e1 corriendo, quisimos hacer un serial para invitar a m\u00e1s personas, especialmente a quienes est\u00e1n empezando\u201d, coment\u00f3.<\/p>\n\n\n\n<p>Detall\u00f3 que las rutas elegidas, aunque demandantes por tratarse de recorridos de cerro, est\u00e1n pensadas para que sean accesibles para corredores principiantes, adem\u00e1s de ofrecer paisajes \u00fanicos para quienes participan.<\/p>\n\n\n\n<p>\u201cEl trail es muy diferente a correr en la calle, porque aqu\u00ed necesitas m\u00e1s coordinaci\u00f3n y concentraci\u00f3n. Adem\u00e1s, los corredores pueden disfrutar de vistas espectaculares de Ensenada y su bah\u00eda\u201d, se\u00f1al\u00f3.<\/p>\n\n\n\n<p>Morales a\u00f1adi\u00f3 que el serial constar\u00e1 de cuatro carreras, siendo esta la primera fecha, mientras que la segunda competencia se realizar\u00e1 el 7 de junio en los Vi\u00f1edos Taelum, rumbo a Ojos Negros.<\/p>\n\n\n\n<p>Adem\u00e1s del aspecto deportivo, el evento tambi\u00e9n busca impulsar la inclusi\u00f3n y la concientizaci\u00f3n sobre el autismo, causa que acompa\u00f1ar\u00e1 todas las fechas del serial.<\/p>\n\n\n\n<p>\u201cM\u00e1s que una causa, buscamos promover la inclusi\u00f3n a trav\u00e9s del deporte, que las familias se sientan bienvenidas y tengan un lugar seguro donde participar\u201d, expres\u00f3 Morales, quien comparti\u00f3 que es padre de dos ni\u00f1os con autismo.<\/p>\n\n\n\n<p>Como parte de esta iniciativa, los organizadores abrieron 50 n\u00fameros gratuitos para ni\u00f1os con autismo, con el objetivo de motivar su participaci\u00f3n y generar espacios de convivencia para las familias.<\/p>\n\n\n\n<p>Por su parte, la Directora Acad\u00e9mica de CETYS Universidad campus Ensenada, Ana Gloria Pedr\u00edn, destac\u00f3 que para la instituci\u00f3n es importante respaldar este tipo de actividades que fortalecen el bienestar de la comunidad.<\/p>\n\n\n\n<p>\u201cEs un compromiso con nuestra comunidad ensenadense. Queremos apoyar este tipo de actividades deportivas y abrir nuestras instalaciones para que la comunidad pueda utilizarlas\u201d, se\u00f1al\u00f3.<\/p>\n\n\n\n<p>La acad\u00e9mica subray\u00f3 que la universidad busca fortalecer su vinculaci\u00f3n con la sociedad, participando en proyectos deportivos, educativos y sociales que contribuyan al desarrollo y bienestar de la poblaci\u00f3n.<\/p>\n","protected":false},"excerpt":{"rendered":"<p>Ensenada, Baja California.- Con la participaci\u00f3n alrededor de 300 corredores, se realiz\u00f3 la primera fecha&#8230;<\/p>\n","protected":false},"author":1,"featured_media":2993262,"comment_status":"closed","ping_status":"closed","sticky":false,"template":"","format":"standard","meta":{"footnotes":""},"categories":[31,1146,1151],"tags":[907],"class_list":["post-2993261","post","type-post","status-publish","format-standard","has-post-thumbnail","hentry","category-atletismo","category-ensenada","category-portada","tag-tendencia"],"_links":{"self":[{"href":"https:\/\/agpnoticias.com\/news\/index.php?rest_route=\/wp\/v2\/posts\/2993261","targetHints":{"allow":["GET"]}}],"collection":[{"href":"https:\/\/agpnoticias.com\/news\/index.php?rest_route=\/wp\/v2\/posts"}],"about":[{"href":"https:\/\/agpnoticias.com\/news\/index.php?rest_route=\/wp\/v2\/types\/post"}],"author":[{"embeddable":true,"href":"https:\/\/agpnoticias.com\/news\/index.php?rest_route=\/wp\/v2\/users\/1"}],"replies":[{"embeddable":true,"href":"https:\/\/agpnoticias.com\/news\/index.php?rest_route=%2Fwp%2Fv2%2Fcomments&post=2993261"}],"version-history":[{"count":1,"href":"https:\/\/agpnoticias.com\/news\/index.php?rest_route=\/wp\/v2\/posts\/2993261\/revisions"}],"predecessor-version":[{"id":2993263,"href":"https:\/\/agpnoticias.com\/news\/index.php?rest_route=\/wp\/v2\/posts\/2993261\/revisions\/2993263"}],"wp:featuredmedia":[{"embeddable":true,"href":"https:\/\/agpnoticias.com\/news\/index.php?rest_route=\/wp\/v2\/media\/2993262"}],"wp:attachment":[{"href":"https:\/\/agpnoticias.com\/news\/index.php?rest_route=%2Fwp%2Fv2%2Fmedia&parent=2993261"}],"wp:term":[{"taxonomy":"category","embeddable":true,"href":"https:\/\/agpnoticias.com\/news\/index.php?rest_route=%2Fwp%2Fv2%2Fcategories&post=2993261"},{"taxonomy":"post_tag","embeddable":true,"href":"https:\/\/agpnoticias.com\/news\/index.php?rest_route=%2Fwp%2Fv2%2Ftags&post=2993261"}],"curies":[{"name":"wp","href":"https:\/\/api.w.org\/{rel}","templated":true}]}}