{"id":2994021,"date":"2026-04-02T10:24:17","date_gmt":"2026-04-02T17:24:17","guid":{"rendered":"https:\/\/agpnoticias.com\/news\/?p=2994021"},"modified":"2026-04-02T10:24:20","modified_gmt":"2026-04-02T17:24:20","slug":"marco-tulio-castro-asume-comunicacion-social-del-gobierno-de-ensenada","status":"publish","type":"post","link":"https:\/\/agpnoticias.com\/news\/?p=2994021","title":{"rendered":"Marco Tulio Castro asume Comunicaci\u00f3n Social del Gobierno de Ensenada"},"content":{"rendered":"\n<p>Ensenada, Baja California.-Marco Tulio Castro Quezada fue nombrado nuevo titular de Comunicaci\u00f3n Social del Gobierno de Ensenada, en un movimiento con el que la administraci\u00f3n municipal busca reforzar su estrategia de difusi\u00f3n y relaci\u00f3n con los medios.<\/p>\n\n\n\n<p>La toma de protesta fue encabezada por la alcaldesa Claudia Agat\u00f3n Mu\u00f1iz, acompa\u00f1ada por funcionarios del gabinete municipal, quienes dieron formalidad al relevo en una de las \u00e1reas clave para la imagen p\u00fablica del Ayuntamiento.<\/p>\n\n\n\n<p>Castro Quezada llega al cargo con una trayectoria de cerca de 20 a\u00f1os en el periodismo de Baja California. Ha ocupado cargos directivos en distintos medios de comunicaci\u00f3n, entre ellos <em>Newsweek Baja California<\/em>, adem\u00e1s de desempe\u00f1arse en \u00e1reas gerenciales de medios impresos y digitales.<\/p>\n\n\n\n<p>Es licenciado en Ciencias de la Comunicaci\u00f3n y cuenta con una maestr\u00eda en Administraci\u00f3n por la Universidad Aut\u00f3noma de Baja California. Tambi\u00e9n tiene formaci\u00f3n en periodismo y comunicaci\u00f3n pol\u00edtica, y experiencia como asesor en temas de comunicaci\u00f3n tanto en el sector p\u00fablico como en el privado, en M\u00e9xico y Estados Unidos.<\/p>\n\n\n\n<p><\/p>\n","protected":false},"excerpt":{"rendered":"<p>Ensenada, Baja California.-Marco Tulio Castro Quezada fue nombrado nuevo titular de Comunicaci\u00f3n Social del Gobierno&#8230;<\/p>\n","protected":false},"author":1,"featured_media":2994022,"comment_status":"closed","ping_status":"closed","sticky":false,"template":"","format":"standard","meta":{"footnotes":""},"categories":[1],"tags":[],"class_list":["post-2994021","post","type-post","status-publish","format-standard","has-post-thumbnail","hentry","category-uncategorized"],"_links":{"self":[{"href":"https:\/\/agpnoticias.com\/news\/index.php?rest_route=\/wp\/v2\/posts\/2994021","targetHints":{"allow":["GET"]}}],"collection":[{"href":"https:\/\/agpnoticias.com\/news\/index.php?rest_route=\/wp\/v2\/posts"}],"about":[{"href":"https:\/\/agpnoticias.com\/news\/index.php?rest_route=\/wp\/v2\/types\/post"}],"author":[{"embeddable":true,"href":"https:\/\/agpnoticias.com\/news\/index.php?rest_route=\/wp\/v2\/users\/1"}],"replies":[{"embeddable":true,"href":"https:\/\/agpnoticias.com\/news\/index.php?rest_route=%2Fwp%2Fv2%2Fcomments&post=2994021"}],"version-history":[{"count":1,"href":"https:\/\/agpnoticias.com\/news\/index.php?rest_route=\/wp\/v2\/posts\/2994021\/revisions"}],"predecessor-version":[{"id":2994023,"href":"https:\/\/agpnoticias.com\/news\/index.php?rest_route=\/wp\/v2\/posts\/2994021\/revisions\/2994023"}],"wp:featuredmedia":[{"embeddable":true,"href":"https:\/\/agpnoticias.com\/news\/index.php?rest_route=\/wp\/v2\/media\/2994022"}],"wp:attachment":[{"href":"https:\/\/agpnoticias.com\/news\/index.php?rest_route=%2Fwp%2Fv2%2Fmedia&parent=2994021"}],"wp:term":[{"taxonomy":"category","embeddable":true,"href":"https:\/\/agpnoticias.com\/news\/index.php?rest_route=%2Fwp%2Fv2%2Fcategories&post=2994021"},{"taxonomy":"post_tag","embeddable":true,"href":"https:\/\/agpnoticias.com\/news\/index.php?rest_route=%2Fwp%2Fv2%2Ftags&post=2994021"}],"curies":[{"name":"wp","href":"https:\/\/api.w.org\/{rel}","templated":true}]}}