{"id":2994024,"date":"2026-04-02T10:46:55","date_gmt":"2026-04-02T17:46:55","guid":{"rendered":"https:\/\/agpnoticias.com\/news\/?p=2994024"},"modified":"2026-04-02T10:46:58","modified_gmt":"2026-04-02T17:46:58","slug":"vinculan-a-proceso-a-hombre-acusado-de-violencia-familiar-en-san-quintin","status":"publish","type":"post","link":"https:\/\/agpnoticias.com\/news\/?p=2994024","title":{"rendered":"Vinculan a proceso a hombre acusado de violencia familiar en San Quint\u00edn"},"content":{"rendered":"\n<p>San Quintin, Baja California.- Un hombre identificado como Juan Carlos \u201cN\u201d fue vinculado a proceso por su probable participaci\u00f3n en el delito de violencia familiar, luego de ser se\u00f1alado por agredir f\u00edsicamente a una mujer en la colonia L\u00e1zaro C\u00e1rdenas.<\/p>\n\n\n\n<p>De acuerdo con la investigaci\u00f3n, los hechos ocurrieron el 28 de marzo de 2026, alrededor de la 1:00 de la tarde, cuando polic\u00edas municipales atendieron un reporte del C5 sobre un caso de violencia familiar.<\/p>\n\n\n\n<p>Al llegar al lugar, los agentes encontraron a una pareja forcejeando. En ese momento, la mujer se\u00f1al\u00f3 que momentos antes hab\u00eda sido golpeada y jalada del cabello por el ahora imputado en plena v\u00eda p\u00fablica.<\/p>\n\n\n\n<p>Tras el se\u00f1alamiento directo de la v\u00edctima, los oficiales procedieron a la detenci\u00f3n del hombre.<\/p>\n\n\n\n<p>Durante la audiencia inicial, el juez de control aval\u00f3 como legal la detenci\u00f3n y resolvi\u00f3 vincularlo a proceso, adem\u00e1s de imponerle medidas cautelares mientras se desarrolla la investigaci\u00f3n complementaria.<\/p>\n","protected":false},"excerpt":{"rendered":"<p>San Quintin, Baja California.- Un hombre identificado como Juan Carlos \u201cN\u201d fue vinculado a proceso&#8230;<\/p>\n","protected":false},"author":1,"featured_media":2994025,"comment_status":"closed","ping_status":"closed","sticky":false,"template":"","format":"standard","meta":{"footnotes":""},"categories":[1],"tags":[],"class_list":["post-2994024","post","type-post","status-publish","format-standard","has-post-thumbnail","hentry","category-uncategorized"],"_links":{"self":[{"href":"https:\/\/agpnoticias.com\/news\/index.php?rest_route=\/wp\/v2\/posts\/2994024","targetHints":{"allow":["GET"]}}],"collection":[{"href":"https:\/\/agpnoticias.com\/news\/index.php?rest_route=\/wp\/v2\/posts"}],"about":[{"href":"https:\/\/agpnoticias.com\/news\/index.php?rest_route=\/wp\/v2\/types\/post"}],"author":[{"embeddable":true,"href":"https:\/\/agpnoticias.com\/news\/index.php?rest_route=\/wp\/v2\/users\/1"}],"replies":[{"embeddable":true,"href":"https:\/\/agpnoticias.com\/news\/index.php?rest_route=%2Fwp%2Fv2%2Fcomments&post=2994024"}],"version-history":[{"count":1,"href":"https:\/\/agpnoticias.com\/news\/index.php?rest_route=\/wp\/v2\/posts\/2994024\/revisions"}],"predecessor-version":[{"id":2994026,"href":"https:\/\/agpnoticias.com\/news\/index.php?rest_route=\/wp\/v2\/posts\/2994024\/revisions\/2994026"}],"wp:featuredmedia":[{"embeddable":true,"href":"https:\/\/agpnoticias.com\/news\/index.php?rest_route=\/wp\/v2\/media\/2994025"}],"wp:attachment":[{"href":"https:\/\/agpnoticias.com\/news\/index.php?rest_route=%2Fwp%2Fv2%2Fmedia&parent=2994024"}],"wp:term":[{"taxonomy":"category","embeddable":true,"href":"https:\/\/agpnoticias.com\/news\/index.php?rest_route=%2Fwp%2Fv2%2Fcategories&post=2994024"},{"taxonomy":"post_tag","embeddable":true,"href":"https:\/\/agpnoticias.com\/news\/index.php?rest_route=%2Fwp%2Fv2%2Ftags&post=2994024"}],"curies":[{"name":"wp","href":"https:\/\/api.w.org\/{rel}","templated":true}]}}