{"id":2994093,"date":"2026-04-04T10:34:53","date_gmt":"2026-04-04T17:34:53","guid":{"rendered":"https:\/\/agpnoticias.com\/news\/?p=2994093"},"modified":"2026-04-04T19:29:35","modified_gmt":"2026-04-05T02:29:35","slug":"el-mallorca-de-demichelis-propina-tropezon-al-sub-lider-real-madrid-con-gol-en-el-agregado","status":"publish","type":"post","link":"https:\/\/agpnoticias.com\/news\/?p=2994093","title":{"rendered":"El Mallorca de Demichelis propina tropez\u00f3n al sub l\u00edder Real Madrid, con gol en el agregado"},"content":{"rendered":"\n<p>Palma, Espa\u00f1a.- &nbsp;El Real Madrid podr\u00eda quedar a\u00fan m\u00e1s rezagado con respecto al l\u00edder de La Liga, el Barcelona, ??tras su derrota por 2-1 ante el Mallorca el s\u00e1bado.<\/p>\n\n\n\n<p>El Real Madrid encaj\u00f3 un gol en el tiempo de descuento y se qued\u00f3 a cuatro puntos de distancia antes del partido del club catal\u00e1n contra el Atl\u00e9tico de Madrid, cuarto clasificado, que se disputar\u00e1 m\u00e1s tarde el s\u00e1bado.<\/p>\n\n\n\n<p>El Mallorca ha salido de la zona de descenso tras su segunda victoria en tres partidos de liga.<\/p>\n\n\n\n<p>El equipo local abri\u00f3 el marcador gracias a Manu Morlanes en el minuto 42. El Madrid empat\u00f3 en el minuto 88 por medio de \u00c9der Milit\u00e3o, quien regresaba a la convocatoria tras una lesi\u00f3n que lo mantuvo alejado de las canchas durante casi cuatro meses.<\/p>\n\n\n\n<figure class=\"wp-block-embed is-type-video is-provider-youtube wp-block-embed-youtube wp-embed-aspect-16-9 wp-has-aspect-ratio\"><div class=\"wp-block-embed__wrapper\">\n<iframe title=\"RCD MALLORCA 2 - 1 REAL MADRID | RESUMEN LALIGA EA SPORTS\" width=\"640\" height=\"360\" src=\"https:\/\/www.youtube.com\/embed\/WY_ykIcyshE?feature=oembed\" frameborder=\"0\" allow=\"accelerometer; autoplay; clipboard-write; encrypted-media; gyroscope; picture-in-picture; web-share\" referrerpolicy=\"strict-origin-when-cross-origin\" allowfullscreen><\/iframe>\n<\/div><\/figure>\n\n\n\n<p>El gol de la victoria lo marc\u00f3 Vedat Muriqi al minuto de comenzar el tiempo a\u00f1adido.<\/p>\n\n\n\n<p>El Mallorca ascendi\u00f3 al puesto 17, dos puntos por encima de los tres \u00faltimos.<\/p>\n\n\n\n<p>El Real Madrid sufri\u00f3 su tercera derrota en sus \u00faltimos seis partidos de liga. El club acumula cinco derrotas en liga en toda la temporada.<\/p>\n\n\n\n<p>Adem\u00e1s, la Real Sociedad venci\u00f3 al Levante por 2-0 en casa.<\/p>\n\n\n\n<p>Informaci\u00f3n; AP.<\/p>\n","protected":false},"excerpt":{"rendered":"<p>Palma, Espa\u00f1a.- &nbsp;El Real Madrid podr\u00eda quedar a\u00fan m\u00e1s rezagado con respecto al l\u00edder de&#8230;<\/p>\n","protected":false},"author":1,"featured_media":2994094,"comment_status":"closed","ping_status":"closed","sticky":false,"template":"","format":"video","meta":{"footnotes":""},"categories":[32,1144,1151,1152],"tags":[],"class_list":["post-2994093","post","type-post","status-publish","format-video","has-post-thumbnail","hentry","category-soccer","category-futbol-internacional","category-portada","category-editor-seleccion","post_format-post-format-video"],"_links":{"self":[{"href":"https:\/\/agpnoticias.com\/news\/index.php?rest_route=\/wp\/v2\/posts\/2994093","targetHints":{"allow":["GET"]}}],"collection":[{"href":"https:\/\/agpnoticias.com\/news\/index.php?rest_route=\/wp\/v2\/posts"}],"about":[{"href":"https:\/\/agpnoticias.com\/news\/index.php?rest_route=\/wp\/v2\/types\/post"}],"author":[{"embeddable":true,"href":"https:\/\/agpnoticias.com\/news\/index.php?rest_route=\/wp\/v2\/users\/1"}],"replies":[{"embeddable":true,"href":"https:\/\/agpnoticias.com\/news\/index.php?rest_route=%2Fwp%2Fv2%2Fcomments&post=2994093"}],"version-history":[{"count":2,"href":"https:\/\/agpnoticias.com\/news\/index.php?rest_route=\/wp\/v2\/posts\/2994093\/revisions"}],"predecessor-version":[{"id":2994110,"href":"https:\/\/agpnoticias.com\/news\/index.php?rest_route=\/wp\/v2\/posts\/2994093\/revisions\/2994110"}],"wp:featuredmedia":[{"embeddable":true,"href":"https:\/\/agpnoticias.com\/news\/index.php?rest_route=\/wp\/v2\/media\/2994094"}],"wp:attachment":[{"href":"https:\/\/agpnoticias.com\/news\/index.php?rest_route=%2Fwp%2Fv2%2Fmedia&parent=2994093"}],"wp:term":[{"taxonomy":"category","embeddable":true,"href":"https:\/\/agpnoticias.com\/news\/index.php?rest_route=%2Fwp%2Fv2%2Fcategories&post=2994093"},{"taxonomy":"post_tag","embeddable":true,"href":"https:\/\/agpnoticias.com\/news\/index.php?rest_route=%2Fwp%2Fv2%2Ftags&post=2994093"}],"curies":[{"name":"wp","href":"https:\/\/api.w.org\/{rel}","templated":true}]}}