{"id":2994096,"date":"2026-04-04T15:57:10","date_gmt":"2026-04-04T22:57:10","guid":{"rendered":"https:\/\/agpnoticias.com\/news\/?p=2994096"},"modified":"2026-04-04T15:57:14","modified_gmt":"2026-04-04T22:57:14","slug":"austin-reaves-al-igual-que-luka-doncic-se-perdera-el-resto-de-la-temporada-regular","status":"publish","type":"post","link":"https:\/\/agpnoticias.com\/news\/?p=2994096","title":{"rendered":"Austin Reaves, al igual que Luka Doncic, se perder\u00e1 el resto de la temporada regular"},"content":{"rendered":"\n<p>Los \u00c1ngeles, California.- Austin Reaves tiene una lesi\u00f3n muscular oblicuo de grado 2 que lo obligar\u00e1 a perderse el resto de la temporada regular de Los Angeles Lakers junto con Luka Doncic, anunci\u00f3 el equipo el s\u00e1bado.<\/p>\n\n\n\n<p>Reaves y Doncic sufrieron lesiones potencialmente graves el jueves en Oklahoma City, lo que complica considerablemente las aspiraciones de los Lakers (50-27) de llegar a los playoffs. Doncic estar\u00e1 de baja al menos las pr\u00f3ximas dos semanas tras sufrir una distensi\u00f3n en el isquiotibial izquierdo durante la contundente derrota de los Lakers ante los Thunder .<\/p>\n\n\n\n<p>Reaves y Doncic se lesionaron en la primera mitad del partido del jueves, pero ambos regresaron al juego. A Doncic se le diagnostic\u00f3 su segunda lesi\u00f3n importante en el tend\u00f3n de la corva el viernes, mientras que a Reaves se le realiz\u00f3 una resonancia magn\u00e9tica el s\u00e1bado y posteriormente fue descartado por los Lakers, que juegan en Dallas el domingo.<\/p>\n\n\n\n<p>Tanto a Doncic como a Reaves se les han diagnosticado lesiones que suelen tardar un mes o m\u00e1s en curarse por completo, pero los Lakers no han especulado sobre su disponibilidad m\u00e1s all\u00e1 de los pr\u00f3ximos cinco partidos.<\/p>\n\n\n\n<p>Reaves se ha convertido en un anotador de \u00e9lite de la NBA y ha seguido siendo una opci\u00f3n ofensiva vital junto a Doncic y LeBron James esta temporada durante la racha de los Lakers que los llev\u00f3 al t\u00edtulo de la Divisi\u00f3n del Pac\u00edfico. El ex agente libre no drafteado promedia 23,3 puntos, 5,5 asistencias y 4,7 rebotes en 51 partidos esta temporada, su quinta con los Lakers.<\/p>\n\n\n\n<p>Reaves se perdi\u00f3 19 partidos tras sufrir una distensi\u00f3n en la pantorrilla izquierda el d\u00eda de Navidad. Si hubiera jugado los partidos suficientes para ser considerado m\u00e1ximo anotador, ser\u00eda el und\u00e9cimo m\u00e1ximo anotador de la NBA.<\/p>\n\n\n\n<p>Los Lakers han ganado 16 de sus \u00faltimos 19 partidos y se han colocado terceros en la Conferencia Oeste. Los playoffs comienzan en dos semanas.<\/p>\n\n\n\n<p>Antes de que se anunciara la gravedad de la lesi\u00f3n de Reaves, el entrenador de los Lakers, JJ Redick, declar\u00f3 a los periodistas en Dallas el s\u00e1bado que el equipo no puede dejar de moverse en ausencia de Doncic.<\/p>\n\n\n\n<p>\u201cNuestra misi\u00f3n no ha cambiado\u201d, dijo Redick. \u201cEl resto del equipo y mi cuerpo t\u00e9cnico vamos a por el tercer puesto y vamos a intentar ganar una serie de playoffs\u201d.<\/p>\n\n\n\n<p>Tras su destacada actuaci\u00f3n ofensiva en su primera temporada completa junto a Doncic, Reaves podr\u00e1 optar a una importante extensi\u00f3n de contrato este verano si, como se espera, rechaza su opci\u00f3n de jugador para la temporada 2026-27. Tanto Reaves como los Lakers conf\u00edan en que permanezca en el club.<\/p>\n\n\n\n<p>El \u00faltimo partido de la temporada regular de los Lakers ser\u00e1 el 12 de abril en casa contra Utah.<\/p>\n\n\n\n<p>Informaci\u00f3n: AP.<\/p>\n","protected":false},"excerpt":{"rendered":"<p>Los \u00c1ngeles, California.- Austin Reaves tiene una lesi\u00f3n muscular oblicuo de grado 2 que lo&#8230;<\/p>\n","protected":false},"author":1,"featured_media":2994097,"comment_status":"closed","ping_status":"closed","sticky":false,"template":"","format":"standard","meta":{"footnotes":""},"categories":[35,1147,1151],"tags":[],"class_list":["post-2994096","post","type-post","status-publish","format-standard","has-post-thumbnail","hentry","category-basquetbol","category-nba","category-portada"],"_links":{"self":[{"href":"https:\/\/agpnoticias.com\/news\/index.php?rest_route=\/wp\/v2\/posts\/2994096","targetHints":{"allow":["GET"]}}],"collection":[{"href":"https:\/\/agpnoticias.com\/news\/index.php?rest_route=\/wp\/v2\/posts"}],"about":[{"href":"https:\/\/agpnoticias.com\/news\/index.php?rest_route=\/wp\/v2\/types\/post"}],"author":[{"embeddable":true,"href":"https:\/\/agpnoticias.com\/news\/index.php?rest_route=\/wp\/v2\/users\/1"}],"replies":[{"embeddable":true,"href":"https:\/\/agpnoticias.com\/news\/index.php?rest_route=%2Fwp%2Fv2%2Fcomments&post=2994096"}],"version-history":[{"count":1,"href":"https:\/\/agpnoticias.com\/news\/index.php?rest_route=\/wp\/v2\/posts\/2994096\/revisions"}],"predecessor-version":[{"id":2994098,"href":"https:\/\/agpnoticias.com\/news\/index.php?rest_route=\/wp\/v2\/posts\/2994096\/revisions\/2994098"}],"wp:featuredmedia":[{"embeddable":true,"href":"https:\/\/agpnoticias.com\/news\/index.php?rest_route=\/wp\/v2\/media\/2994097"}],"wp:attachment":[{"href":"https:\/\/agpnoticias.com\/news\/index.php?rest_route=%2Fwp%2Fv2%2Fmedia&parent=2994096"}],"wp:term":[{"taxonomy":"category","embeddable":true,"href":"https:\/\/agpnoticias.com\/news\/index.php?rest_route=%2Fwp%2Fv2%2Fcategories&post=2994096"},{"taxonomy":"post_tag","embeddable":true,"href":"https:\/\/agpnoticias.com\/news\/index.php?rest_route=%2Fwp%2Fv2%2Ftags&post=2994096"}],"curies":[{"name":"wp","href":"https:\/\/api.w.org\/{rel}","templated":true}]}}