{"id":2994349,"date":"2026-04-11T18:14:21","date_gmt":"2026-04-12T01:14:21","guid":{"rendered":"https:\/\/agpnoticias.com\/news\/?p=2994349"},"modified":"2026-04-11T18:14:23","modified_gmt":"2026-04-12T01:14:23","slug":"tatis-listo-para-jugar-la-segunda-base","status":"publish","type":"post","link":"https:\/\/agpnoticias.com\/news\/?p=2994349","title":{"rendered":"Tatis listo para jugar la segunda base"},"content":{"rendered":"\n<p>San Diego, California.- El estelar jardinero derecho Fernando Tatis Jr., de los Padres de San Diego, estaba listo para hacer su primera aparici\u00f3n como titular en las Grandes Ligas en la segunda base el s\u00e1bado por la noche contra los Rockies de Colorado.<\/p>\n\n\n\n<p>Tambi\u00e9n ser\u00e1 la primera titularidad en el cuadro interior desde 2021 para Tatis, quien comenz\u00f3 su carrera como campocorto antes de pasar a los jardines y ganar dos veces el Guante de Platino de la Liga Nacional. En las \u00faltimas temporadas se ha hecho m\u00e1s conocido por saltar y estirarse por encima de la valla para robar jonrones que por realizar jugadas de doble eliminaci\u00f3n.<\/p>\n\n\n\n<p>El entrenador novato Craig Stammen dijo que la medida se hab\u00eda planeado desde hace tiempo para darle un d\u00eda libre al campocorto Xander Bogaerts.<\/p>\n\n\n\n<p>El segunda base Jake Cronenworth fue titular como campocorto. Nick Castellanos fue titular en el jard\u00edn derecho.<\/p>\n\n\n\n<p>\u201cNos pareci\u00f3 que Tatis era la mejor opci\u00f3n para la segunda base, adem\u00e1s de la m\u00e1s divertida y emocionante\u201d, dijo Stammen, quien agreg\u00f3 que tambi\u00e9n podr\u00eda ser una opci\u00f3n cuando Cronenworth necesite una noche libre. \u201cHacer sonre\u00edr un poco a ese chico tambi\u00e9n podr\u00eda ayudar\u201d.<\/p>\n\n\n\n<p>La \u00fanica otra aparici\u00f3n de Tatis en la segunda base fue en la novena entrada el 6 de septiembre de 2023, en una derrota por 5-1 ante Filadelfia.<\/p>\n\n\n\n<p>Tatis ha tenido dificultades en la ofensiva, con un promedio de bateo de solo .189, sin jonrones y con cinco carreras impulsadas. Tuvo una actuaci\u00f3n productiva en el Cl\u00e1sico Mundial de B\u00e9isbol con la Rep\u00fablica Dominicana, donde bate\u00f3 .400 con dos jonrones y 11 carreras impulsadas.<\/p>\n\n\n\n<p>Stammen afirm\u00f3 que la decisi\u00f3n se tom\u00f3 porque Tatis es \u201cun atleta incre\u00edble y capaz de hacer pr\u00e1cticamente cualquier cosa. Confiamos plenamente en \u00e9l, tanto a nivel personal como deportivo. Si le planteas un reto, lo superar\u00e1. Esto mantiene su mente activa, motivado, entretenido y siempre dispuesto a llegar al estadio con nuevos objetivos por alcanzar\u201d.<\/p>\n\n\n\n<p>Tatis dijo que Stammen sac\u00f3 el tema a colaci\u00f3n hace unas semanas.<\/p>\n\n\n\n<p>\u201cPuedo jugar donde sea. Solo estoy aqu\u00ed para jugar b\u00e9isbol y ser un buen jugador de b\u00e9isbol\u201d, dijo Tatis.<\/p>\n\n\n\n<p>Tatis ha estado practicando con pelotas rodadas en la segunda base desde que comenz\u00f3 la temporada.<\/p>\n\n\n\n<p>\u201cMucha preparaci\u00f3n. Es algo que he hecho toda mi vida\u201d, dijo. \u201cNo es algo que est\u00e9 demasiado pulido, pero tengo muchas ganas. Sin duda es un nuevo reto y estoy un poco m\u00e1s concentrado en algunos aspectos, pero sigue siendo b\u00e9isbol y es algo maravilloso\u201d.<\/p>\n\n\n\n<p>Tatis fue All-Star como campocorto en 2021. No jug\u00f3 en 2022 debido a una lesi\u00f3n y a una suspensi\u00f3n impuesta por la MLB por dopaje. Cuando regres\u00f3 en 2023, fue reubicado en el jard\u00edn derecho.<\/p>\n\n\n\n<p>Tatis dijo que Stammen le coment\u00f3: \u201cSolo prep\u00e1rate aqu\u00ed y all\u00e1. Me dijo que soy un atleta muy bueno en el campo, especialmente en defensa. Soy una pieza que se puede mover. No me lo tom\u00e9 muy en serio, pero hoy s\u00ed lo har\u00e9\u201d.<\/p>\n\n\n\n<p>\u201cJugar en el cuadro interior es muy diferente a jugar en el jard\u00edn exterior, as\u00ed que veremos qu\u00e9 tal me va con la coordinaci\u00f3n ojo-mano. Estoy muy emocionado y con muchas ganas\u201d, dijo.<\/p>\n\n\n\n<p>Informaci\u00f3n: AP.<\/p>\n","protected":false},"excerpt":{"rendered":"<p>San Diego, California.- El estelar jardinero derecho Fernando Tatis Jr., de los Padres de San&#8230;<\/p>\n","protected":false},"author":1,"featured_media":2994350,"comment_status":"closed","ping_status":"closed","sticky":false,"template":"","format":"standard","meta":{"footnotes":""},"categories":[30,1142],"tags":[907],"class_list":["post-2994349","post","type-post","status-publish","format-standard","has-post-thumbnail","hentry","category-beisbol","category-grandes-ligas","tag-tendencia"],"_links":{"self":[{"href":"https:\/\/agpnoticias.com\/news\/index.php?rest_route=\/wp\/v2\/posts\/2994349","targetHints":{"allow":["GET"]}}],"collection":[{"href":"https:\/\/agpnoticias.com\/news\/index.php?rest_route=\/wp\/v2\/posts"}],"about":[{"href":"https:\/\/agpnoticias.com\/news\/index.php?rest_route=\/wp\/v2\/types\/post"}],"author":[{"embeddable":true,"href":"https:\/\/agpnoticias.com\/news\/index.php?rest_route=\/wp\/v2\/users\/1"}],"replies":[{"embeddable":true,"href":"https:\/\/agpnoticias.com\/news\/index.php?rest_route=%2Fwp%2Fv2%2Fcomments&post=2994349"}],"version-history":[{"count":1,"href":"https:\/\/agpnoticias.com\/news\/index.php?rest_route=\/wp\/v2\/posts\/2994349\/revisions"}],"predecessor-version":[{"id":2994351,"href":"https:\/\/agpnoticias.com\/news\/index.php?rest_route=\/wp\/v2\/posts\/2994349\/revisions\/2994351"}],"wp:featuredmedia":[{"embeddable":true,"href":"https:\/\/agpnoticias.com\/news\/index.php?rest_route=\/wp\/v2\/media\/2994350"}],"wp:attachment":[{"href":"https:\/\/agpnoticias.com\/news\/index.php?rest_route=%2Fwp%2Fv2%2Fmedia&parent=2994349"}],"wp:term":[{"taxonomy":"category","embeddable":true,"href":"https:\/\/agpnoticias.com\/news\/index.php?rest_route=%2Fwp%2Fv2%2Fcategories&post=2994349"},{"taxonomy":"post_tag","embeddable":true,"href":"https:\/\/agpnoticias.com\/news\/index.php?rest_route=%2Fwp%2Fv2%2Ftags&post=2994349"}],"curies":[{"name":"wp","href":"https:\/\/api.w.org\/{rel}","templated":true}]}}