{"id":2994948,"date":"2026-04-25T19:24:37","date_gmt":"2026-04-26T02:24:37","guid":{"rendered":"https:\/\/agpnoticias.com\/news\/?p=2994948"},"modified":"2026-04-25T19:24:45","modified_gmt":"2026-04-26T02:24:45","slug":"reconocen-a-atletas-master-de-ensenada-tras-logros-nacionales","status":"publish","type":"post","link":"https:\/\/agpnoticias.com\/news\/?p=2994948","title":{"rendered":"Reconocen a atletas m\u00e1ster de Ensenada tras logros nacionales"},"content":{"rendered":"\n<p>Ensenada, Baja California.- Atletas veteranos de pista y campo de Ensenada, que lograron destacados resultados en el Campeonato Nacional M\u00e1ster celebrado en San Luis Potos\u00ed, fueron reconocidos oficialmente durante una rueda de prensa encabezada por el Instituto Municipal del Deporte y Recreaci\u00f3n (Inmudere).<\/p>\n\n\n\n<figure class=\"wp-block-image size-large\"><img fetchpriority=\"high\" decoding=\"async\" width=\"810\" height=\"800\" src=\"https:\/\/agpnoticias.com\/news\/wp-content\/uploads\/2026\/04\/MG_1408-810x800.jpeg\" alt=\"\" class=\"wp-image-2994950\"\/><\/figure>\n\n\n\n<p>Durante el evento, el representante de Inmudere, <strong>Ad\u00e1n Hirata<\/strong>, dio la bienvenida a los deportistas y destac\u00f3 su desempe\u00f1o, subrayando que han puesto en alto el nombre de Ensenada y de Baja California en competencias nacionales.<\/p>\n\n\n\n<p>En el mismo sentido, el presidente de la Liga Municipal de Atletismo de Ensenada, <strong>Juan de Dios Delgado<\/strong>, reconoci\u00f3 los resultados obtenidos por los atletas m\u00e1ster y asegur\u00f3 que continuar\u00e1n apoy\u00e1ndolos con material y asesor\u00eda t\u00e9cnica en la medida de sus posibilidades.<\/p>\n\n\n\n<figure class=\"wp-block-gallery has-nested-images columns-default is-cropped wp-block-gallery-1 is-layout-flex wp-block-gallery-is-layout-flex\">\n<figure class=\"wp-block-image size-large\"><img decoding=\"async\" width=\"810\" height=\"800\" data-id=\"2994958\" src=\"https:\/\/agpnoticias.com\/news\/wp-content\/uploads\/2026\/04\/MG_1385-810x800.jpeg\" alt=\"\" class=\"wp-image-2994958\"\/><\/figure>\n\n\n\n<figure class=\"wp-block-image size-large\"><img decoding=\"async\" width=\"810\" height=\"800\" data-id=\"2994957\" src=\"https:\/\/agpnoticias.com\/news\/wp-content\/uploads\/2026\/04\/MG_1387-810x800.jpeg\" alt=\"\" class=\"wp-image-2994957\"\/><\/figure>\n\n\n\n<figure class=\"wp-block-image size-large\"><img loading=\"lazy\" decoding=\"async\" width=\"810\" height=\"800\" data-id=\"2994956\" src=\"https:\/\/agpnoticias.com\/news\/wp-content\/uploads\/2026\/04\/MG_1388-810x800.jpeg\" alt=\"\" class=\"wp-image-2994956\"\/><\/figure>\n\n\n\n<figure class=\"wp-block-image size-large\"><img loading=\"lazy\" decoding=\"async\" width=\"810\" height=\"800\" data-id=\"2994955\" src=\"https:\/\/agpnoticias.com\/news\/wp-content\/uploads\/2026\/04\/MG_1389-810x800.jpeg\" alt=\"\" class=\"wp-image-2994955\"\/><\/figure>\n\n\n\n<figure class=\"wp-block-image size-large\"><img loading=\"lazy\" decoding=\"async\" width=\"810\" height=\"800\" data-id=\"2994954\" src=\"https:\/\/agpnoticias.com\/news\/wp-content\/uploads\/2026\/04\/MG_1392-810x800.jpeg\" alt=\"\" class=\"wp-image-2994954\"\/><\/figure>\n<\/figure>\n\n\n\n<p>Sin embargo, m\u00e1s all\u00e1 del reconocimiento, los propios atletas aprovecharon el espacio para exigir que su esfuerzo sea respaldado con acciones concretas. A nombre del grupo, Jes\u00fas Peralta pidi\u00f3 que este tipo de actos no se queden solo en lo simb\u00f3lico, sino que se traduzcan en apoyo real para quienes contin\u00faan representando al estado en competencias nacionales.<\/p>\n\n\n\n<p>Solicit\u00f3 que los atletas m\u00e1ster sean considerados formalmente como delegaci\u00f3n, con acceso a uniformes y recursos, adem\u00e1s de ser incluidos en la Gala Deportiva 2026 y en el medallero estatal. \u201cSomos m\u00e1ster, somos Baja\u201d, expres\u00f3, al destacar que la disciplina y el compromiso deportivo no terminan con la edad.<\/p>\n\n\n\n<figure class=\"wp-block-gallery has-nested-images columns-default is-cropped wp-block-gallery-2 is-layout-flex wp-block-gallery-is-layout-flex\">\n<figure class=\"wp-block-image size-large\"><img loading=\"lazy\" decoding=\"async\" width=\"810\" height=\"800\" data-id=\"2994953\" src=\"https:\/\/agpnoticias.com\/news\/wp-content\/uploads\/2026\/04\/MG_1394-810x800.jpeg\" alt=\"\" class=\"wp-image-2994953\"\/><\/figure>\n\n\n\n<figure class=\"wp-block-image size-large\"><img loading=\"lazy\" decoding=\"async\" width=\"810\" height=\"800\" data-id=\"2994952\" src=\"https:\/\/agpnoticias.com\/news\/wp-content\/uploads\/2026\/04\/MG_1397-810x800.jpeg\" alt=\"\" class=\"wp-image-2994952\"\/><\/figure>\n\n\n\n<figure class=\"wp-block-image size-large\"><img loading=\"lazy\" decoding=\"async\" width=\"810\" height=\"800\" data-id=\"2994949\" src=\"https:\/\/agpnoticias.com\/news\/wp-content\/uploads\/2026\/04\/MG_1401-810x800.jpeg\" alt=\"\" class=\"wp-image-2994949\"\/><\/figure>\n<\/figure>\n\n\n\n<p>Entre los atletas reconocidos destacan Mateo Castro Le\u00f3n, con oro en 3000 metros y bronce en 800; Am\u00e9rica C\u00e9line Valerio Paul\u00edn, oro en 8 kil\u00f3metros cross country; Miguel \u00c1ngel Armenta B\u00e1ez, tetracampe\u00f3n en pruebas de velocidad; Cynthia Araceli Medina Lara, con oro en 3000 metros y 8 km cross; y David Alejandro Raudales Ram\u00edrez, oro en 1500 metros y relevos.<\/p>\n\n\n\n<p>Asimismo, figuran Jes\u00fas Armando Peralta Ch\u00e1vez, con plata en 10 mil metros y bronce en 3000 y 5000; Damaris Hern\u00e1ndez Oceguera, oro en jabalina e impulso de bala; Mar\u00eda Luisa Paul\u00edn Rivera, bronce en 400 metros; Jos\u00e9 Ignacio S\u00e1nchez Puga, con oro en relevo mixto y otras preseas; y Ra\u00fal Figueras Hern\u00e1ndez, reconocido por su trayectoria y representaci\u00f3n.<\/p>\n\n\n\n<p>El evento tambi\u00e9n sirvi\u00f3 para anunciar el pr\u00f3ximo \u201cSenior Master Ensenada\u201d, una competencia municipal que buscar\u00e1 reunir a destacados atletas veteranos de la regi\u00f3n y fortalecer la pr\u00e1ctica del atletismo en la ciudad.<\/p>\n\n\n\n<p><\/p>\n","protected":false},"excerpt":{"rendered":"<p>Ensenada, Baja California.- Atletas veteranos de pista y campo de Ensenada, que lograron destacados resultados&#8230;<\/p>\n","protected":false},"author":1,"featured_media":2994951,"comment_status":"closed","ping_status":"closed","sticky":false,"template":"","format":"standard","meta":{"footnotes":""},"categories":[31,1152],"tags":[],"class_list":["post-2994948","post","type-post","status-publish","format-standard","has-post-thumbnail","hentry","category-atletismo","category-editor-seleccion"],"_links":{"self":[{"href":"https:\/\/agpnoticias.com\/news\/index.php?rest_route=\/wp\/v2\/posts\/2994948","targetHints":{"allow":["GET"]}}],"collection":[{"href":"https:\/\/agpnoticias.com\/news\/index.php?rest_route=\/wp\/v2\/posts"}],"about":[{"href":"https:\/\/agpnoticias.com\/news\/index.php?rest_route=\/wp\/v2\/types\/post"}],"author":[{"embeddable":true,"href":"https:\/\/agpnoticias.com\/news\/index.php?rest_route=\/wp\/v2\/users\/1"}],"replies":[{"embeddable":true,"href":"https:\/\/agpnoticias.com\/news\/index.php?rest_route=%2Fwp%2Fv2%2Fcomments&post=2994948"}],"version-history":[{"count":1,"href":"https:\/\/agpnoticias.com\/news\/index.php?rest_route=\/wp\/v2\/posts\/2994948\/revisions"}],"predecessor-version":[{"id":2994959,"href":"https:\/\/agpnoticias.com\/news\/index.php?rest_route=\/wp\/v2\/posts\/2994948\/revisions\/2994959"}],"wp:featuredmedia":[{"embeddable":true,"href":"https:\/\/agpnoticias.com\/news\/index.php?rest_route=\/wp\/v2\/media\/2994951"}],"wp:attachment":[{"href":"https:\/\/agpnoticias.com\/news\/index.php?rest_route=%2Fwp%2Fv2%2Fmedia&parent=2994948"}],"wp:term":[{"taxonomy":"category","embeddable":true,"href":"https:\/\/agpnoticias.com\/news\/index.php?rest_route=%2Fwp%2Fv2%2Fcategories&post=2994948"},{"taxonomy":"post_tag","embeddable":true,"href":"https:\/\/agpnoticias.com\/news\/index.php?rest_route=%2Fwp%2Fv2%2Ftags&post=2994948"}],"curies":[{"name":"wp","href":"https:\/\/api.w.org\/{rel}","templated":true}]}}