{"id":32071,"date":"2013-09-07T12:27:38","date_gmt":"2013-09-07T19:27:38","guid":{"rendered":"http:\/\/agpnoticias.com\/news\/?p=32071"},"modified":"2013-09-26T11:14:24","modified_gmt":"2013-09-26T18:14:24","slug":"felicitan-los-diablos-a-nuevo-tecnico-rival","status":"publish","type":"post","link":"https:\/\/agpnoticias.com\/news\/?p=32071","title":{"rendered":"Felicitan los Diablos a nuevo t\u00e9cnico rival"},"content":{"rendered":"<figure id=\"attachment_32072\" aria-describedby=\"caption-attachment-32072\" style=\"width: 320px\" class=\"wp-caption alignright\"><a href=\"http:\/\/agpnoticias.com\/news\/?attachment_id=32072\" rel=\"attachment wp-att-32072\"><img fetchpriority=\"high\" decoding=\"async\" class=\"size-medium wp-image-32072\" alt=\"La directiva de Diablos felicit\u00f3 a Juan M\u00e1rquez por su incorporaci\u00f3n a Pescadores\" src=\"http:\/\/agpnoticias.com\/news\/wp-content\/uploads\/2013\/09\/La-directiva-de-Diablos-felicit\u00f3-a-Juan-M\u00e1rquez-por-su-incorporaci\u00f3n-a-Pescadores-320x240.jpg\" width=\"320\" height=\"240\" srcset=\"https:\/\/agpnoticias.com\/news\/wp-content\/uploads\/2013\/09\/La-directiva-de-Diablos-felicit\u00f3-a-Juan-M\u00e1rquez-por-su-incorporaci\u00f3n-a-Pescadores-320x240.jpg 320w, https:\/\/agpnoticias.com\/news\/wp-content\/uploads\/2013\/09\/La-directiva-de-Diablos-felicit\u00f3-a-Juan-M\u00e1rquez-por-su-incorporaci\u00f3n-a-Pescadores-640x480.jpg 640w\" sizes=\"(max-width: 320px) 100vw, 320px\" \/><\/a><figcaption id=\"caption-attachment-32072\" class=\"wp-caption-text\">La directiva de Diablos felicit\u00f3 a Juan M\u00e1rquez por su incorporaci\u00f3n a Pescadores<\/figcaption><\/figure>\n<p>Ensenada, Baja California.- Los Diablos de Ensenada felicitaron a Juan M\u00e1rquez por su contrataci\u00f3n como director t\u00e9cnico de los Pescadores.<\/p>\n<p>Manuel Montalvo, presidente del equipo, subi\u00f3 a la red social Facebook un mensaje en el que le desea suerte al t\u00e9cnico que ha trabajado por m\u00e1s de 20 a\u00f1os en el medio local.<\/p>\n<p>\u201cCF Diablos de Ensenada y su directiva felicita al Prof. Juan Marquez de\u00a0Uabc Cimarrones por su nombramiento como Director T\u00e9cnico de nuestros vecinos Pescadores F.C. Por su trayectoria, sin duda, gran incorporaci\u00f3n. Le deseamos mucha suerte en este nuevo reto\u201d.<\/p>\n<p>Diablos y Pescadores jugar\u00e1n el Torneo de la Tercera Divisi\u00f3n Profesional a partir de la primera semana de octubre.<\/p>\n","protected":false},"excerpt":{"rendered":"<p>Ensenada, Baja California.- Los Diablos de Ensenada felicitaron a Juan M\u00e1rquez por su contrataci\u00f3n como&#8230;<\/p>\n","protected":false},"author":1,"featured_media":32072,"comment_status":"open","ping_status":"closed","sticky":false,"template":"","format":"standard","meta":{"footnotes":""},"categories":[7,32],"tags":[],"class_list":["post-32071","post","type-post","status-publish","format-standard","has-post-thumbnail","hentry","category-deportes","category-soccer"],"_links":{"self":[{"href":"https:\/\/agpnoticias.com\/news\/index.php?rest_route=\/wp\/v2\/posts\/32071","targetHints":{"allow":["GET"]}}],"collection":[{"href":"https:\/\/agpnoticias.com\/news\/index.php?rest_route=\/wp\/v2\/posts"}],"about":[{"href":"https:\/\/agpnoticias.com\/news\/index.php?rest_route=\/wp\/v2\/types\/post"}],"author":[{"embeddable":true,"href":"https:\/\/agpnoticias.com\/news\/index.php?rest_route=\/wp\/v2\/users\/1"}],"replies":[{"embeddable":true,"href":"https:\/\/agpnoticias.com\/news\/index.php?rest_route=%2Fwp%2Fv2%2Fcomments&post=32071"}],"version-history":[{"count":1,"href":"https:\/\/agpnoticias.com\/news\/index.php?rest_route=\/wp\/v2\/posts\/32071\/revisions"}],"predecessor-version":[{"id":32073,"href":"https:\/\/agpnoticias.com\/news\/index.php?rest_route=\/wp\/v2\/posts\/32071\/revisions\/32073"}],"wp:featuredmedia":[{"embeddable":true,"href":"https:\/\/agpnoticias.com\/news\/index.php?rest_route=\/wp\/v2\/media\/32072"}],"wp:attachment":[{"href":"https:\/\/agpnoticias.com\/news\/index.php?rest_route=%2Fwp%2Fv2%2Fmedia&parent=32071"}],"wp:term":[{"taxonomy":"category","embeddable":true,"href":"https:\/\/agpnoticias.com\/news\/index.php?rest_route=%2Fwp%2Fv2%2Fcategories&post=32071"},{"taxonomy":"post_tag","embeddable":true,"href":"https:\/\/agpnoticias.com\/news\/index.php?rest_route=%2Fwp%2Fv2%2Ftags&post=32071"}],"curies":[{"name":"wp","href":"https:\/\/api.w.org\/{rel}","templated":true}]}}