{"id":32074,"date":"2013-09-07T19:49:41","date_gmt":"2013-09-08T02:49:41","guid":{"rendered":"http:\/\/agpnoticias.com\/news\/?p=32074"},"modified":"2013-09-07T19:51:05","modified_gmt":"2013-09-08T02:51:05","slug":"karla-retiz-triple-finalista-en-el-grand-prix-de-hungria","status":"publish","type":"post","link":"https:\/\/agpnoticias.com\/news\/?p=32074","title":{"rendered":"Karla R\u00e9tiz, triple finalista en el Grand Prix de Hungr\u00eda"},"content":{"rendered":"<p>Budapest, Hungr\u00eda.- Karla R\u00e9tiz fue cuarto lugar all around y se convirti\u00f3 en finalista de tres aparatos durante el Grand Prix de Gimnasia que se disputa en Hungr\u00eda.<\/p>\n<p>La gimnasta tijuanense clasific\u00f3 a las finales de barras asim\u00e9tricas (12.684), viga (12.534) y piso (12.034), adem\u00e1s de registrar 12.400 en salto de caballo, para colocarse en el cuarto puesto general.<\/p>\n<p>Por delante de la representante mexicana estuvieron las locales No\u00e9mi Makra, Dorina Boczogo y Luce Diveki.<\/p>\n<p>Karla R\u00e9tiz fue la mejor latinoamericana despu\u00e9s de la jornada all around en el Grand Prix.<\/p>\n<figure id=\"attachment_32075\" aria-describedby=\"caption-attachment-32075\" style=\"width: 640px\" class=\"wp-caption aligncenter\"><a href=\"http:\/\/agpnoticias.com\/news\/?attachment_id=32075\" rel=\"attachment wp-att-32075\"><img fetchpriority=\"high\" decoding=\"async\" class=\"size-large wp-image-32075\" alt=\"Karla Retiz (primera izq. a der.)clasific\u00f3 a tres finales en el Grand Prix de Hungr\u00eda\" src=\"http:\/\/agpnoticias.com\/news\/wp-content\/uploads\/2013\/09\/Karla-Retiz-primera-izq.-a-der.clasific\u00f3-a-tres-finales-en-el-Grand-Prix-de-Hungr\u00eda-640x480.jpg\" width=\"640\" height=\"480\" srcset=\"https:\/\/agpnoticias.com\/news\/wp-content\/uploads\/2013\/09\/Karla-Retiz-primera-izq.-a-der.clasific\u00f3-a-tres-finales-en-el-Grand-Prix-de-Hungr\u00eda-640x480.jpg 640w, https:\/\/agpnoticias.com\/news\/wp-content\/uploads\/2013\/09\/Karla-Retiz-primera-izq.-a-der.clasific\u00f3-a-tres-finales-en-el-Grand-Prix-de-Hungr\u00eda-320x240.jpg 320w\" sizes=\"(max-width: 640px) 100vw, 640px\" \/><\/a><figcaption id=\"caption-attachment-32075\" class=\"wp-caption-text\">Karla Retiz (primera izq. a der.) clasific\u00f3 a tres finales en el Grand Prix de Hungr\u00eda<\/figcaption><\/figure>\n","protected":false},"excerpt":{"rendered":"<p>Budapest, Hungr\u00eda.- Karla R\u00e9tiz fue cuarto lugar all around y se convirti\u00f3 en finalista de&#8230;<\/p>\n","protected":false},"author":1,"featured_media":32075,"comment_status":"open","ping_status":"closed","sticky":false,"template":"","format":"standard","meta":{"footnotes":""},"categories":[7,46],"tags":[],"class_list":["post-32074","post","type-post","status-publish","format-standard","has-post-thumbnail","hentry","category-deportes","category-gimnasia"],"_links":{"self":[{"href":"https:\/\/agpnoticias.com\/news\/index.php?rest_route=\/wp\/v2\/posts\/32074","targetHints":{"allow":["GET"]}}],"collection":[{"href":"https:\/\/agpnoticias.com\/news\/index.php?rest_route=\/wp\/v2\/posts"}],"about":[{"href":"https:\/\/agpnoticias.com\/news\/index.php?rest_route=\/wp\/v2\/types\/post"}],"author":[{"embeddable":true,"href":"https:\/\/agpnoticias.com\/news\/index.php?rest_route=\/wp\/v2\/users\/1"}],"replies":[{"embeddable":true,"href":"https:\/\/agpnoticias.com\/news\/index.php?rest_route=%2Fwp%2Fv2%2Fcomments&post=32074"}],"version-history":[{"count":2,"href":"https:\/\/agpnoticias.com\/news\/index.php?rest_route=\/wp\/v2\/posts\/32074\/revisions"}],"predecessor-version":[{"id":32077,"href":"https:\/\/agpnoticias.com\/news\/index.php?rest_route=\/wp\/v2\/posts\/32074\/revisions\/32077"}],"wp:featuredmedia":[{"embeddable":true,"href":"https:\/\/agpnoticias.com\/news\/index.php?rest_route=\/wp\/v2\/media\/32075"}],"wp:attachment":[{"href":"https:\/\/agpnoticias.com\/news\/index.php?rest_route=%2Fwp%2Fv2%2Fmedia&parent=32074"}],"wp:term":[{"taxonomy":"category","embeddable":true,"href":"https:\/\/agpnoticias.com\/news\/index.php?rest_route=%2Fwp%2Fv2%2Fcategories&post=32074"},{"taxonomy":"post_tag","embeddable":true,"href":"https:\/\/agpnoticias.com\/news\/index.php?rest_route=%2Fwp%2Fv2%2Ftags&post=32074"}],"curies":[{"name":"wp","href":"https:\/\/api.w.org\/{rel}","templated":true}]}}