{"id":32089,"date":"2013-09-08T02:04:19","date_gmt":"2013-09-08T09:04:19","guid":{"rendered":"http:\/\/agpnoticias.com\/news\/?p=32089"},"modified":"2013-09-08T02:04:19","modified_gmt":"2013-09-08T09:04:19","slug":"los-tiburones-no-hicieron-la-tarea","status":"publish","type":"post","link":"https:\/\/agpnoticias.com\/news\/?p=32089","title":{"rendered":"Los Tiburones no hicieron la tarea"},"content":{"rendered":"<figure id=\"attachment_32090\" aria-describedby=\"caption-attachment-32090\" style=\"width: 640px\" class=\"wp-caption aligncenter\"><a href=\"http:\/\/agpnoticias.com\/news\/?attachment_id=32090\" rel=\"attachment wp-att-32090\"><img fetchpriority=\"high\" decoding=\"async\" class=\"size-large wp-image-32090\" alt=\"Los Tiburones no tomaron nota\" src=\"http:\/\/agpnoticias.com\/news\/wp-content\/uploads\/2013\/09\/Los-Tiburones-no-tomaron-nota-640x480.jpg\" width=\"640\" height=\"480\" srcset=\"https:\/\/agpnoticias.com\/news\/wp-content\/uploads\/2013\/09\/Los-Tiburones-no-tomaron-nota-640x480.jpg 640w, https:\/\/agpnoticias.com\/news\/wp-content\/uploads\/2013\/09\/Los-Tiburones-no-tomaron-nota-320x240.jpg 320w\" sizes=\"(max-width: 640px) 100vw, 640px\" \/><\/a><figcaption id=\"caption-attachment-32090\" class=\"wp-caption-text\">Los Tiburones no tomaron nota<\/figcaption><\/figure>\n<p>Tijuana, Baja California.- Los Tiburones Rojos del Veracruz no hicieron la tarea.<\/p>\n<p>Sobre todo en los dos primeros goles de los Xolos de Tijuana generados por un bal\u00f3n robado en la salida y una jugada de t\u00e1ctica fija.<\/p>\n<p>\u201cEso era lo que se hab\u00eda hablado, hemos visto al equipo Tijuana y lo que tendr\u00edamos que haber evitado es su contragolpe a la hora de que nos quitaran la pelota, y ahora en la tarde todav\u00eda les pasamos videos de c\u00f3mo van al mismo punto en la pelota parada\u201d, coment\u00f3 Juan Antonio Luna.<\/p>\n<p>El t\u00e9cnico de Veracruz, sin embargo, consider\u00f3 que la derrota fue justa \u201cporque ellos tuvieron el m\u00e9rito de anotar los tres goles\u201d.<\/p>\n<p>El \u201cCabez\u00f3n\u201d sostuvo que la situaci\u00f3n del equipo no es cr\u00edtica, pese a que no gana desde la fecha cuatro cuando venci\u00f3 a Cruz Azul, adem\u00e1s de descartar que exista dependencia del ausente \u00c1ngel Reyna, convocado a selecci\u00f3n nacional.<\/p>\n<p>\u201cTodo mundo habla de que Veracruz se cay\u00f3, pero no es as\u00ed; desafortunada o afortunadamente jugamos contra los equipos que est\u00e1n en la parte de abajo del descenso y nos toc\u00f3 ganarles, y despu\u00e9s de Quer\u00e9taro el nivel de rivales ha aumentado\u201d, apunt\u00f3.<\/p>\n","protected":false},"excerpt":{"rendered":"<p>Tijuana, Baja California.- Los Tiburones Rojos del Veracruz no hicieron la tarea. Sobre todo en&#8230;<\/p>\n","protected":false},"author":1,"featured_media":32090,"comment_status":"open","ping_status":"closed","sticky":false,"template":"","format":"standard","meta":{"footnotes":""},"categories":[7,32,17],"tags":[],"class_list":["post-32089","post","type-post","status-publish","format-standard","has-post-thumbnail","hentry","category-deportes","category-soccer","category-xolos-de-tijuana"],"_links":{"self":[{"href":"https:\/\/agpnoticias.com\/news\/index.php?rest_route=\/wp\/v2\/posts\/32089","targetHints":{"allow":["GET"]}}],"collection":[{"href":"https:\/\/agpnoticias.com\/news\/index.php?rest_route=\/wp\/v2\/posts"}],"about":[{"href":"https:\/\/agpnoticias.com\/news\/index.php?rest_route=\/wp\/v2\/types\/post"}],"author":[{"embeddable":true,"href":"https:\/\/agpnoticias.com\/news\/index.php?rest_route=\/wp\/v2\/users\/1"}],"replies":[{"embeddable":true,"href":"https:\/\/agpnoticias.com\/news\/index.php?rest_route=%2Fwp%2Fv2%2Fcomments&post=32089"}],"version-history":[{"count":1,"href":"https:\/\/agpnoticias.com\/news\/index.php?rest_route=\/wp\/v2\/posts\/32089\/revisions"}],"predecessor-version":[{"id":32091,"href":"https:\/\/agpnoticias.com\/news\/index.php?rest_route=\/wp\/v2\/posts\/32089\/revisions\/32091"}],"wp:featuredmedia":[{"embeddable":true,"href":"https:\/\/agpnoticias.com\/news\/index.php?rest_route=\/wp\/v2\/media\/32090"}],"wp:attachment":[{"href":"https:\/\/agpnoticias.com\/news\/index.php?rest_route=%2Fwp%2Fv2%2Fmedia&parent=32089"}],"wp:term":[{"taxonomy":"category","embeddable":true,"href":"https:\/\/agpnoticias.com\/news\/index.php?rest_route=%2Fwp%2Fv2%2Fcategories&post=32089"},{"taxonomy":"post_tag","embeddable":true,"href":"https:\/\/agpnoticias.com\/news\/index.php?rest_route=%2Fwp%2Fv2%2Ftags&post=32089"}],"curies":[{"name":"wp","href":"https:\/\/api.w.org\/{rel}","templated":true}]}}