{"id":32098,"date":"2013-09-08T17:09:31","date_gmt":"2013-09-09T00:09:31","guid":{"rendered":"http:\/\/agpnoticias.com\/news\/?p=32098"},"modified":"2013-09-08T20:18:25","modified_gmt":"2013-09-09T03:18:25","slug":"mas-de-600-en-carrera-de-aniversario-del-cicese","status":"publish","type":"post","link":"https:\/\/agpnoticias.com\/news\/?p=32098","title":{"rendered":"M\u00e1s de 600 corredores festejan con Cicese"},"content":{"rendered":"<div>\n<figure id=\"attachment_32099\" aria-describedby=\"caption-attachment-32099\" style=\"width: 640px\" class=\"wp-caption aligncenter\"><a href=\"http:\/\/agpnoticias.com\/news\/?attachment_id=32099\" rel=\"attachment wp-att-32099\"><img fetchpriority=\"high\" decoding=\"async\" class=\"size-large wp-image-32099\" alt=\"Al final cruzaron la meta 603 corredores\" src=\"http:\/\/agpnoticias.com\/news\/wp-content\/uploads\/2013\/09\/Al-final-cruzaron-la-meta-603-corredores-640x480.jpg\" width=\"640\" height=\"480\" srcset=\"https:\/\/agpnoticias.com\/news\/wp-content\/uploads\/2013\/09\/Al-final-cruzaron-la-meta-603-corredores-640x480.jpg 640w, https:\/\/agpnoticias.com\/news\/wp-content\/uploads\/2013\/09\/Al-final-cruzaron-la-meta-603-corredores-320x240.jpg 320w\" sizes=\"(max-width: 640px) 100vw, 640px\" \/><\/a><figcaption id=\"caption-attachment-32099\" class=\"wp-caption-text\">Al final cruzaron la meta 603 corredores<\/figcaption><\/figure>\n<\/div>\n<div><\/div>\n<div>Ensenada, Baja California.- Tambi\u00e9n la carrera de 40 aniversario del Centro de Investigaci\u00f3n Cient\u00edfica y de Educaci\u00f3n Superior de Ensenada (Cicese) tuvo como ganador a Gabriel Mart\u00ednez.<\/div>\n<div><\/div>\n<div>\n<figure id=\"attachment_32100\" aria-describedby=\"caption-attachment-32100\" style=\"width: 146px\" class=\"wp-caption alignright\"><a href=\"http:\/\/agpnoticias.com\/news\/?attachment_id=32100\" rel=\"attachment wp-att-32100\"><img decoding=\"async\" class=\"size-thumbnail wp-image-32100\" alt=\"Gabriel Mart\u00ednez, ganador de una carrera m\u00e1s\" src=\"http:\/\/agpnoticias.com\/news\/wp-content\/uploads\/2013\/09\/Gabriel-Mart\u00ednez-ganador-de-una-carrera-m\u00e1s-146x200.jpg\" width=\"146\" height=\"200\" srcset=\"https:\/\/agpnoticias.com\/news\/wp-content\/uploads\/2013\/09\/Gabriel-Mart\u00ednez-ganador-de-una-carrera-m\u00e1s-146x200.jpg 146w, https:\/\/agpnoticias.com\/news\/wp-content\/uploads\/2013\/09\/Gabriel-Mart\u00ednez-ganador-de-una-carrera-m\u00e1s.jpg 731w\" sizes=\"(max-width: 146px) 100vw, 146px\" \/><\/a><figcaption id=\"caption-attachment-32100\" class=\"wp-caption-text\">Gabriel Mart\u00ednez, ganador de una carrera m\u00e1s<\/figcaption><\/figure>\n<p>\u201cLocalmente no se me ha ido ninguna carrera, no me he lesionado y he tenido buena salud\u201d, dijo el corredor que ha ganado los m\u00e1s recientes eventos atl\u00e9ticos celebrados en Ensenada.<\/p>\n<\/div>\n<div><\/div>\n<div>El tiempo registrado por el ganador, tras el recorrido de 5.7 kil\u00f3metros que sali\u00f3 del Parque de la Colonia Obrera hasta llegar al Cicese, fue de 20 minutos exactos.<\/div>\n<div><\/div>\n<div>\u201cLa carrera fue muy exigente, hay muchas subidas y bajadas y eso descompensa la velocidad, el ritmo, pero pude hacer un buen tiempo\u201d, consider\u00f3 el atleta que aventaj\u00f3 a Guillermo Prieto, Efra\u00edn Z\u00e1rate, Mario Reyes y Gabriel Amezcua, poseedores del segundo al quinto puesto.<\/div>\n<div><\/div>\n<div>\n<figure id=\"attachment_32101\" aria-describedby=\"caption-attachment-32101\" style=\"width: 163px\" class=\"wp-caption alignleft\"><a href=\"http:\/\/agpnoticias.com\/news\/?attachment_id=32101\" rel=\"attachment wp-att-32101\"><img decoding=\"async\" class=\"size-thumbnail wp-image-32101\" alt=\"Mara Paniagua gan\u00f3 la rama femenil\" src=\"http:\/\/agpnoticias.com\/news\/wp-content\/uploads\/2013\/09\/Mara-Paniagua-gan\u00f3-la-rama-femenil-163x200.jpg\" width=\"163\" height=\"200\" srcset=\"https:\/\/agpnoticias.com\/news\/wp-content\/uploads\/2013\/09\/Mara-Paniagua-gan\u00f3-la-rama-femenil-163x200.jpg 163w, https:\/\/agpnoticias.com\/news\/wp-content\/uploads\/2013\/09\/Mara-Paniagua-gan\u00f3-la-rama-femenil.jpg 817w\" sizes=\"(max-width: 163px) 100vw, 163px\" \/><\/a><figcaption id=\"caption-attachment-32101\" class=\"wp-caption-text\">Mara Paniagua gan\u00f3 la rama femenil<\/figcaption><\/figure>\n<p>En la rama femenil gan\u00f3 Mara Paniagua, seguida por Carmen Maya, Myriam Mendoza, Mar\u00eda Victoria Rosas y Ana Mar\u00eda Ram\u00edrez.<\/p>\n<\/div>\n<div><\/div>\n<div>La participaci\u00f3n de 603 atletas que cruzaron la meta fue calificada como buena por la promotora del evento, Dora Elia L\u00f3pez Cortez, quien destac\u00f3 la buena respuesta en esta edici\u00f3n de 40 aniversario.<\/div>\n<div><\/div>\n<div>\u201cHemos tomado la decisi\u00f3n, por cuestiones de presupuesto, de que la carrera sea cada cinco a\u00f1os; la \u00faltima fue en nuestro 35 aniversario, pero la comunidad parece estarnos pidiendo que sea anual\u201d, coment\u00f3.<\/div>\n<div><\/div>\n<div>Entre las actividades deportiva de aniversario \u201ctambi\u00e9n organizamos un paseo ciclista y un torneo de futbol entre nuestra gente y en los dos tuvimos el mismo \u00e9xito\u201d.<\/div>\n<div><\/div>\n<div><\/div>\n<div>\n<figure id=\"attachment_32102\" aria-describedby=\"caption-attachment-32102\" style=\"width: 640px\" class=\"wp-caption aligncenter\"><a href=\"http:\/\/agpnoticias.com\/news\/?attachment_id=32102\" rel=\"attachment wp-att-32102\"><img loading=\"lazy\" decoding=\"async\" class=\"size-large wp-image-32102\" alt=\"La meta estuvo ubicada en las instalaciones del Cicese hacia la salida a Tijuana\" src=\"http:\/\/agpnoticias.com\/news\/wp-content\/uploads\/2013\/09\/La-meta-estuvo-ubicada-en-las-instalaciones-del-Cicese-hacia-la-salida-a-Tijuana-640x480.jpg\" width=\"640\" height=\"480\" srcset=\"https:\/\/agpnoticias.com\/news\/wp-content\/uploads\/2013\/09\/La-meta-estuvo-ubicada-en-las-instalaciones-del-Cicese-hacia-la-salida-a-Tijuana-640x480.jpg 640w, https:\/\/agpnoticias.com\/news\/wp-content\/uploads\/2013\/09\/La-meta-estuvo-ubicada-en-las-instalaciones-del-Cicese-hacia-la-salida-a-Tijuana-320x240.jpg 320w\" sizes=\"(max-width: 640px) 100vw, 640px\" \/><\/a><figcaption id=\"caption-attachment-32102\" class=\"wp-caption-text\">La meta estuvo ubicada en las instalaciones del Cicese hacia la salida a Tijuana<\/figcaption><\/figure>\n<\/div>\n","protected":false},"excerpt":{"rendered":"<p>Ensenada, Baja California.- Tambi\u00e9n la carrera de 40 aniversario del Centro de Investigaci\u00f3n Cient\u00edfica y&#8230;<\/p>\n","protected":false},"author":1,"featured_media":32099,"comment_status":"open","ping_status":"closed","sticky":false,"template":"","format":"standard","meta":{"footnotes":""},"categories":[31,7],"tags":[],"class_list":["post-32098","post","type-post","status-publish","format-standard","has-post-thumbnail","hentry","category-atletismo","category-deportes"],"_links":{"self":[{"href":"https:\/\/agpnoticias.com\/news\/index.php?rest_route=\/wp\/v2\/posts\/32098","targetHints":{"allow":["GET"]}}],"collection":[{"href":"https:\/\/agpnoticias.com\/news\/index.php?rest_route=\/wp\/v2\/posts"}],"about":[{"href":"https:\/\/agpnoticias.com\/news\/index.php?rest_route=\/wp\/v2\/types\/post"}],"author":[{"embeddable":true,"href":"https:\/\/agpnoticias.com\/news\/index.php?rest_route=\/wp\/v2\/users\/1"}],"replies":[{"embeddable":true,"href":"https:\/\/agpnoticias.com\/news\/index.php?rest_route=%2Fwp%2Fv2%2Fcomments&post=32098"}],"version-history":[{"count":3,"href":"https:\/\/agpnoticias.com\/news\/index.php?rest_route=\/wp\/v2\/posts\/32098\/revisions"}],"predecessor-version":[{"id":32125,"href":"https:\/\/agpnoticias.com\/news\/index.php?rest_route=\/wp\/v2\/posts\/32098\/revisions\/32125"}],"wp:featuredmedia":[{"embeddable":true,"href":"https:\/\/agpnoticias.com\/news\/index.php?rest_route=\/wp\/v2\/media\/32099"}],"wp:attachment":[{"href":"https:\/\/agpnoticias.com\/news\/index.php?rest_route=%2Fwp%2Fv2%2Fmedia&parent=32098"}],"wp:term":[{"taxonomy":"category","embeddable":true,"href":"https:\/\/agpnoticias.com\/news\/index.php?rest_route=%2Fwp%2Fv2%2Fcategories&post=32098"},{"taxonomy":"post_tag","embeddable":true,"href":"https:\/\/agpnoticias.com\/news\/index.php?rest_route=%2Fwp%2Fv2%2Ftags&post=32098"}],"curies":[{"name":"wp","href":"https:\/\/api.w.org\/{rel}","templated":true}]}}