{"id":32108,"date":"2013-09-08T17:19:44","date_gmt":"2013-09-09T00:19:44","guid":{"rendered":"http:\/\/agpnoticias.com\/news\/?p=32108"},"modified":"2013-09-08T21:30:04","modified_gmt":"2013-09-09T04:30:04","slug":"reconoce-ic-a-talentos-profesionales","status":"publish","type":"post","link":"https:\/\/agpnoticias.com\/news\/?p=32108","title":{"rendered":"Reconoce IC a talentos profesionales"},"content":{"rendered":"<figure id=\"attachment_32109\" aria-describedby=\"caption-attachment-32109\" style=\"width: 640px\" class=\"wp-caption aligncenter\"><a href=\"http:\/\/agpnoticias.com\/news\/?attachment_id=32109\" rel=\"attachment wp-att-32109\"><img fetchpriority=\"high\" decoding=\"async\" class=\"size-large wp-image-32109\" alt=\"Alberto Mancilla con Ricky \u00c1lvarez, Jorge Guzm\u00e1n, Agust\u00edn Murillo e Iker Franco\" src=\"http:\/\/agpnoticias.com\/news\/wp-content\/uploads\/2013\/09\/Alberto-Mancilla-con-Ricky-\u00c1lvarez-Jorge-Guzm\u00e1n-Agust\u00edn-Murilloe-Iker-Franco-640x480.jpg\" width=\"640\" height=\"480\" srcset=\"https:\/\/agpnoticias.com\/news\/wp-content\/uploads\/2013\/09\/Alberto-Mancilla-con-Ricky-\u00c1lvarez-Jorge-Guzm\u00e1n-Agust\u00edn-Murilloe-Iker-Franco-640x480.jpg 640w, https:\/\/agpnoticias.com\/news\/wp-content\/uploads\/2013\/09\/Alberto-Mancilla-con-Ricky-\u00c1lvarez-Jorge-Guzm\u00e1n-Agust\u00edn-Murilloe-Iker-Franco-320x240.jpg 320w\" sizes=\"(max-width: 640px) 100vw, 640px\" \/><\/a><figcaption id=\"caption-attachment-32109\" class=\"wp-caption-text\">Alberto Mancilla con Ricky \u00c1lvarez, Jorge Guzm\u00e1n, Agust\u00edn Murillo e Iker Franco<\/figcaption><\/figure>\n<p>Ensenada, Baja California.- La Liga Industrial Comercial reconoci\u00f3 la trayectoria de los beisbolistas profesionales Iker Franco, Jorge Guzm\u00e1n, Ricky \u00c1lvarez y Agust\u00edn Murillo.<\/p>\n<figure id=\"attachment_32110\" aria-describedby=\"caption-attachment-32110\" style=\"width: 133px\" class=\"wp-caption alignright\"><a href=\"http:\/\/agpnoticias.com\/news\/?attachment_id=32110\" rel=\"attachment wp-att-32110\"><img decoding=\"async\" class=\"size-thumbnail wp-image-32110\" alt=\"Agust\u00edn Murillo\" src=\"http:\/\/agpnoticias.com\/news\/wp-content\/uploads\/2013\/09\/Agust\u00edn-Murillo-133x200.jpg\" width=\"133\" height=\"200\" srcset=\"https:\/\/agpnoticias.com\/news\/wp-content\/uploads\/2013\/09\/Agust\u00edn-Murillo-133x200.jpg 133w, https:\/\/agpnoticias.com\/news\/wp-content\/uploads\/2013\/09\/Agust\u00edn-Murillo.jpg 666w\" sizes=\"(max-width: 133px) 100vw, 133px\" \/><\/a><figcaption id=\"caption-attachment-32110\" class=\"wp-caption-text\">Agust\u00edn Murillo<\/figcaption><\/figure>\n<p>La directiva presidida por Mart\u00edn Sauceda entreg\u00f3 placas de reconocimientos a los cuatro peloteros que reci\u00e9n finalizaron la temporada de la Liga Mexicana de Beisbol y se alistan para iniciar la campa\u00f1a de la Liga del Pac\u00edfico.<\/p>\n<p>El ensenadense Iker Franco fue campe\u00f3n con los Tigres de Quintana Roo y se sumar\u00e1 a los Yaquis de Ciudad Obreg\u00f3n, mientras que su paisano Jorge Guzm\u00e1n jug\u00f3 los playoffs con el \u00c1guila de Veracruz y se unir\u00e1 a los Ca\u00f1eros de Los Mochis.<\/p>\n<p>Agust\u00edn Murillo regresar\u00e1 a los Yaquis de Ciudad Obreg\u00f3n despu\u00e9s de jugar el verano con Sultanes de Monterrey, mismo equipo en el que milit\u00f3 el \u00c1guila de Mexicali, Ricky \u00c1lvarez.<\/p>\n<p>El reconocimiento, tambi\u00e9n coordinado por el coach de la Liga IC, Alberto Mancilla Ponce, fue hecho al inicio de la tercera doble jornada correspondiente a la final del Campeonato Estatal de Beisbol.<\/p>\n<figure id=\"attachment_32111\" aria-describedby=\"caption-attachment-32111\" style=\"width: 640px\" class=\"wp-caption aligncenter\"><a href=\"http:\/\/agpnoticias.com\/news\/?attachment_id=32111\" rel=\"attachment wp-att-32111\"><img decoding=\"async\" class=\"size-large wp-image-32111\" alt=\"Jorge Guzm\u00e1n y Ricky \u00c1lvarez al bat, e Iker Franco de receptor, en espera del env\u00edo de Agust\u00edn Murillo\" src=\"http:\/\/agpnoticias.com\/news\/wp-content\/uploads\/2013\/09\/Jorge-Guzm\u00e1n-y-Ricky-\u00c1lvarez-al-bat-e-Iker-Franco-de-receptor-en-espera-del-env\u00edo-de-Agust\u00edn-Murillo-640x480.jpg\" width=\"640\" height=\"480\" srcset=\"https:\/\/agpnoticias.com\/news\/wp-content\/uploads\/2013\/09\/Jorge-Guzm\u00e1n-y-Ricky-\u00c1lvarez-al-bat-e-Iker-Franco-de-receptor-en-espera-del-env\u00edo-de-Agust\u00edn-Murillo-640x480.jpg 640w, https:\/\/agpnoticias.com\/news\/wp-content\/uploads\/2013\/09\/Jorge-Guzm\u00e1n-y-Ricky-\u00c1lvarez-al-bat-e-Iker-Franco-de-receptor-en-espera-del-env\u00edo-de-Agust\u00edn-Murillo-320x240.jpg 320w\" sizes=\"(max-width: 640px) 100vw, 640px\" \/><\/a><figcaption id=\"caption-attachment-32111\" class=\"wp-caption-text\">Jorge Guzm\u00e1n y Ricky \u00c1lvarez al bat, e Iker Franco de receptor, en espera del env\u00edo de Agust\u00edn Murillo<\/figcaption><\/figure>\n","protected":false},"excerpt":{"rendered":"<p>Ensenada, Baja California.- La Liga Industrial Comercial reconoci\u00f3 la trayectoria de los beisbolistas profesionales Iker&#8230;<\/p>\n","protected":false},"author":1,"featured_media":32109,"comment_status":"open","ping_status":"closed","sticky":false,"template":"","format":"standard","meta":{"footnotes":""},"categories":[30,20,7],"tags":[],"class_list":["post-32108","post","type-post","status-publish","format-standard","has-post-thumbnail","hentry","category-beisbol","category-beisbol-industrial-y-comercial","category-deportes"],"_links":{"self":[{"href":"https:\/\/agpnoticias.com\/news\/index.php?rest_route=\/wp\/v2\/posts\/32108","targetHints":{"allow":["GET"]}}],"collection":[{"href":"https:\/\/agpnoticias.com\/news\/index.php?rest_route=\/wp\/v2\/posts"}],"about":[{"href":"https:\/\/agpnoticias.com\/news\/index.php?rest_route=\/wp\/v2\/types\/post"}],"author":[{"embeddable":true,"href":"https:\/\/agpnoticias.com\/news\/index.php?rest_route=\/wp\/v2\/users\/1"}],"replies":[{"embeddable":true,"href":"https:\/\/agpnoticias.com\/news\/index.php?rest_route=%2Fwp%2Fv2%2Fcomments&post=32108"}],"version-history":[{"count":2,"href":"https:\/\/agpnoticias.com\/news\/index.php?rest_route=\/wp\/v2\/posts\/32108\/revisions"}],"predecessor-version":[{"id":32113,"href":"https:\/\/agpnoticias.com\/news\/index.php?rest_route=\/wp\/v2\/posts\/32108\/revisions\/32113"}],"wp:featuredmedia":[{"embeddable":true,"href":"https:\/\/agpnoticias.com\/news\/index.php?rest_route=\/wp\/v2\/media\/32109"}],"wp:attachment":[{"href":"https:\/\/agpnoticias.com\/news\/index.php?rest_route=%2Fwp%2Fv2%2Fmedia&parent=32108"}],"wp:term":[{"taxonomy":"category","embeddable":true,"href":"https:\/\/agpnoticias.com\/news\/index.php?rest_route=%2Fwp%2Fv2%2Fcategories&post=32108"},{"taxonomy":"post_tag","embeddable":true,"href":"https:\/\/agpnoticias.com\/news\/index.php?rest_route=%2Fwp%2Fv2%2Ftags&post=32108"}],"curies":[{"name":"wp","href":"https:\/\/api.w.org\/{rel}","templated":true}]}}